{"id":7422,"date":"2021-07-17T19:25:39","date_gmt":"2021-07-17T18:25:39","guid":{"rendered":"http:\/\/tvbelas.com\/tvbelas\/?p=7422"},"modified":"2021-07-17T19:25:39","modified_gmt":"2021-07-17T18:25:39","slug":"acompanha-na-integra-o-discurso-do-presidente-da-republica-joao-lourenco-no-encerramento-da-xiii-conferencia-da-cplp","status":"publish","type":"post","link":"https:\/\/tvbelas.com\/tvbelas\/noticias\/politica-angola\/acompanha-na-integra-o-discurso-do-presidente-da-republica-joao-lourenco-no-encerramento-da-xiii-conferencia-da-cplp\/","title":{"rendered":"ACOMPANHA NA \u00cdNTEGRA O DISCURSO  DO PRESIDENTE DA REP\u00daBLICA, JO\u00c3O LOUREN\u00c7O NO ENCERRAMENTO DA XIII CONFER\u00caNCIA DA CPLP"},"content":{"rendered":"<p>Sua Excel\u00eancia Jorge Carlos de Almeida Fonseca, Presidente da Rep\u00fablica de Cabo Verde,<\/p>\n<p>&#8211; Sua Excel\u00eancia Umaru Sissoco Embal\u00f3, Presidente da Rep\u00fablica da Guin\u00e9-Bissau,<\/p>\n<p>&#8211; Sua Excel\u00eancia Marcelo Nuno Duarte Rebelo de Sousa, Presidente da Rep\u00fablica Portuguesa,<\/p>\n<p>&#8211; Sua Excel\u00eancia Evaristo Esp\u00edrito Santo Carvalho, Presidente da Rep\u00fablica de S\u00e3o Tom\u00e9 e Pr\u00edncipe,<\/p>\n<p>&#8211; Sua Excel\u00eancia Hage Gottfried Geingob, Presidente da Rep\u00fablica da Nam\u00edbia,<\/p>\n<p>&#8211; Sua Excel\u00eancia Hamilton Mour\u00e3o, Vice Presidente da Rep\u00fablica Federativa do Brasil, em representa\u00e7\u00e3o de Sua Excel\u00eancia Jair Messias Bolsonaro, Presidente da Rep\u00fablica Federativa do Brasil,<\/p>\n<p>&#8211; Sua Excel\u00eancia Carlos Agostinho Ros\u00e1rio, Primeiro-Ministro da Rep\u00fablica de Mo\u00e7ambique,<\/p>\n<p>&#8211; Sua Excel\u00eancia Ant\u00f3nio Costa, Primeiro-Ministro da Rep\u00fablica Portuguesa,<\/p>\n<p>&#8211; Sua Excel\u00eancia Jos\u00e9 Ulisses de Pina Correia e Silva, Primeiro-Ministro da Rep\u00fablica de Cabo Verde,<\/p>\n<p>&#8211; Sua Excel\u00eancia Jorge Lopes Bom Jesus, Primeiro-Ministro da Rep\u00fablica de S\u00e3o Tom\u00e9 e Pr\u00edncipe,<\/p>\n<p>&#8211; Sua Excel\u00eancia Nuno Gomes Nabian, Primeiro-Ministro da Rep\u00fablica da Guin\u00e9-Bissau<\/p>\n<p>&#8211; Sua Excel\u00eancia Vice Primeiro-Ministro da Rep\u00fablica Democr\u00e1tica de Timor-Leste,<\/p>\n<p>&#8211; Sua Excel\u00eancia Cipriano Cassam\u00e1, Presidente em Exerc\u00edcio da Assembleia Parlamentar da CPLP<\/p>\n<p>&#8211; Excelent\u00edssimo senhor Sime\u00f3n Oyono Esono Angu\u00e9, Ministro dos Assuntos Exteriores e Coopera\u00e7\u00e3o da Rep\u00fablica da Guin\u00e9 Equatorial,<\/p>\n<p>&#8211; Excelent\u00edssimo senhor Fran\u00e7ois Lounc\u00e9ny Fall, Representante de Sua Excel\u00eancia o Secret\u00e1rio-Geral das Na\u00e7\u00f5es Unidas,<\/p>\n<p>&#8211; Sua Excel\u00eancia Georges Pinto Rebelo Chicoti, Secret\u00e1rio Executivo da Organiza\u00e7\u00e3o dos Estados da \u00c1frica, Cara\u00edbas e Pac\u00edfico,<\/p>\n<p>Excel\u00eancias,<\/p>\n<p>Damos hoje por conclu\u00eddos os trabalhos desta Cimeira da CPLP, subordinada ao tema \u201cConstruir e fortalecer um futuro comum e sustent\u00e1vel\u201d, que s\u00f3 a pandemia da Covid-19 impediu que tivesse lugar no ano passado.<\/p>\n<p>Num contexto internacional complexo e de grandes indefini\u00e7\u00f5es, tivemos a oportunidade de discutir quest\u00f5es relevantes para os nossos povos, tendo acordado na necessidade de darmos uma nova din\u00e2mica \u00e0 nossa organiza\u00e7\u00e3o e de fixarmos um quadro de coopera\u00e7\u00e3o mais consent\u00e2neo com a actual conjuntura internacional.<\/p>\n<p>Gostaria de agradecer o contributo dado por Sua Excel\u00eancia Jorge Carlos Fonseca, Presidente da Rep\u00fablica de Cabo Verde, durante o seu mandato \u00e0 frente da nossa organiza\u00e7\u00e3o. Ele transmitiu-nos um precioso legado a que procuraremos dar continuidade com o apoio de todos os Estados membros, para que possamos p\u00f4r em pr\u00e1tica todas as importantes decis\u00f5es que mereceram a nossa aprova\u00e7\u00e3o consensual.<\/p>\n<p>Permitam-nos igualmente agradecer ao Secretariado Executivo da CPLP, com o Embaixador Francisco Telles \u00e0 cabe\u00e7a, pelo trabalho realizado e que, com certeza, contribuiu para o sucesso desta Cimeira de Luanda.<\/p>\n<p>Vinte e cinco anos decorreram desde que os nossos pa\u00edses, com uma heran\u00e7a hist\u00f3rica e cultural comum apesar da dispers\u00e3o geogr\u00e1fica, decidiram unir os seus esfor\u00e7os na promo\u00e7\u00e3o dos ideais da paz, da liberdade e da justi\u00e7a social, assentes numa mesma l\u00edngua oficial e, particularmente, nos la\u00e7os de amizade e solidariedade forjados num passado comum de lutas e de vit\u00f3rias.<\/p>\n<p>Desde a sua cria\u00e7\u00e3o que a nossa Comunidade sempre se regeu pelas normas do Direito Internacional, com respeito pela soberania, identidade nacional e integridade territorial dos pa\u00edses que a constituem e no esp\u00edrito da defesa da democracia, dos direitos humanos, da boa governa\u00e7\u00e3o e da seguran\u00e7a e estabilidade pol\u00edtica e social dos nossos pa\u00edses.<\/p>\n<p>Excel\u00eancias Chefes de Estado e de Governo,<br \/>\nIlustres Convidados,<br \/>\nMinhas Senhoras e Meus Senhores,<\/p>\n<p>A crise sanit\u00e1ria, provocada pela pandemia da Covid-19, obrigou todos os pa\u00edses \u00e0 observ\u00e2ncia de rigorosas medidas de biosseguran\u00e7a e de distanciamento, de redu\u00e7\u00e3o da actividade econ\u00f3mica e da circula\u00e7\u00e3o de pessoas e mesmo de encerramento de fronteiras, alterando de forma radical a vida social e as formas de relacionamento entre as pessoas e as na\u00e7\u00f5es.<\/p>\n<p>Essa situa\u00e7\u00e3o in\u00e9dita no cen\u00e1rio internacional, \u00e0 qual os nossos pa\u00edses n\u00e3o se puderam furtar, n\u00e3o nos deve impedir de diversificar e desenvolver as nossas economias. Para se fazer face a essa crise, importa que todos comecemos por encontrar formas mais din\u00e2micas e criativas de nos adaptarmos a esta nova realidade, de conviver com uma pandemia que vai a caminho do seu segundo ano.<\/p>\n<p>Defendemos a valoriza\u00e7\u00e3o das potencialidades existentes nos mais diversos sectores econ\u00f3micos e sociais dos Estados membros da nossa organiza\u00e7\u00e3o, atrav\u00e9s do fomento da produ\u00e7\u00e3o nacional e das exporta\u00e7\u00f5es, para que possamos satisfazer as expectativas de milh\u00f5es de cidad\u00e3os do nosso espa\u00e7o comunit\u00e1rio.<\/p>\n<p>Para tal, \u00e9 indispens\u00e1vel tornar mais atractivas as nossas economias e explorar a sua complementaridade, aumentando as trocas comerciais e os investimentos cruzados, que gerem empregos e tragam benef\u00edcios mutuamente vantajosos.<\/p>\n<p>Levando em considera\u00e7\u00e3o a import\u00e2ncia conferida \u00e0 coopera\u00e7\u00e3o econ\u00f3mica e empresarial nas rela\u00e7\u00f5es entre as na\u00e7\u00f5es, Angola prop\u00f5e a inclus\u00e3o de um novo pilar, o Econ\u00f3mico e Empresarial, nos objectivos da sua Presid\u00eancia pro tempore, tendo em vista a necessidade da promo\u00e7\u00e3o do desenvolvimento sustent\u00e1vel e da expans\u00e3o do mercado intra-comunit\u00e1rio, atrav\u00e9s de parcerias econ\u00f3micas e empresariais entre os Estados membros.<\/p>\n<p>O conjunto dos nossos pa\u00edses tem um enorme potencial econ\u00f3mico, industrial, agro-pecu\u00e1rio, pesqueiro e tur\u00edstico, em muitos casos ainda por explorar, e que devem ser alvo da aten\u00e7\u00e3o da nossa organiza\u00e7\u00e3o, para transformar esse potencial em riqueza real.<\/p>\n<p>Somos uma for\u00e7a pol\u00edtica e cultural a considerar, podemos ser tamb\u00e9m uma for\u00e7a econ\u00f3mica relevante se trabalharmos para isso. No \u00e2mbito da busca de mecanismos de financiamento, deixamos aqui o desafio de se come\u00e7ar a pensar na pertin\u00eancia e viabilidade, ainda que remota, da cria\u00e7\u00e3o de um Banco de Investimentos da CPLP.<\/p>\n<p>Acreditamos que, com a institucionaliza\u00e7\u00e3o do pilar econ\u00f3mico, como um dos objectivos gerais e estatut\u00e1rios da CPLP, daremos um novo e importante conte\u00fado aos objectivos da nossa organiza\u00e7\u00e3o.<\/p>\n<p>Excel\u00eancias Chefes de Estado e de Governo,<br \/>\nIlustres convidados,<br \/>\nMinhas Senhoras e Meus Senhores.<\/p>\n<p>A actividade da CPLP n\u00e3o se restringe \u00e0s quest\u00f5es econ\u00f3micas e neste per\u00edodo de pouco mais de duas d\u00e9cadas, temos dado passos significativos em outras \u00e1reas de coopera\u00e7\u00e3o, em especial na promo\u00e7\u00e3o da l\u00edngua portuguesa, na concerta\u00e7\u00e3o pol\u00edtica e na frente cultural.<\/p>\n<p>Um sinal evidente da import\u00e2ncia da nossa organiza\u00e7\u00e3o \u00e9 o crescente n\u00famero de pedidos de ades\u00e3o de outros Estados e organiza\u00e7\u00f5es internacionais, para membros efectivos ou observadores associados e consultivos, levando assim a um alargamento que permite refor\u00e7ar a sua influ\u00eancia na arena internacional.<\/p>\n<p>Um dos nossos grandes desafios tem a ver com a mobilidade, com a livre circula\u00e7\u00e3o dos cidad\u00e3os pelos diversos pa\u00edses que constituem a nossa comunidade, apesar de sabermos que todos eles est\u00e3o obrigados a cumprir regras espec\u00edficas das sub-regi\u00f5es geopol\u00edticas em que se integram.<\/p>\n<p>Ela \u2013 a mobilidade &#8211; \u00e9 decisiva para uma maior aproxima\u00e7\u00e3o entre os nossos povos, para a coopera\u00e7\u00e3o econ\u00f3mica, para o enriquecimento da l\u00edngua portuguesa e para um maior interc\u00e2mbio cultural e tur\u00edstico.<\/p>\n<p>Isso permitir\u00e1 que milh\u00f5es de cidad\u00e3os dos nossos pa\u00edses beneficiem de forma concreta dos ganhos e vantagens da perten\u00e7a a uma comunidade que se expande por pa\u00edses de quatro continentes, com formas pr\u00f3prias de vida e de express\u00e3o cultural e art\u00edstica.<\/p>\n<p>Temos ainda um caminho a percorrer, precisamos de trabalhar na defini\u00e7\u00e3o das formas de tornar realidade a materializa\u00e7\u00e3o faseada mas efectiva, desta vontade aqui manifestada e que reflete a vontade dos nossos povos.<\/p>\n<p>Quero aproveitar esta oportunidade para convidar Vossas Excel\u00eancias e todos os Estados membros da CPLP a participarem na 2a Edi\u00e7\u00e3o do F\u00f3rum Pan-africano para a Cultura da Paz, Bienal de Luanda, a ter lugar de 4 a 8 de Outubro de 2021, em parceria com a UNESCO e a Uni\u00e3o Africana, e que assinalar\u00e1 o 40\u00b0 anivers\u00e1rio do Dia Internacional da Paz.<\/p>\n<p>Excel\u00eancias Chefes de Estado e de Governo,<br \/>\nIlustres Convidados,<br \/>\nMinhas Senhoras e Meus Senhores,<\/p>\n<p>Os Estados membros da organiza\u00e7\u00e3o aproveitam esta ocasi\u00e3o para manifestar a sua solidariedade ao povo irm\u00e3o de Mo\u00e7ambique pelo sofrimento provocado pelas ac\u00e7\u00f5es de terrorismo que atingiram seriamente a prov\u00edncia de Cabo Delgado.<\/p>\n<p>A nossa reuni\u00e3o de hoje refor\u00e7a a consci\u00eancia da necessidade de uma coopera\u00e7\u00e3o multilateral, que concorra para uma resposta r\u00e1pida aos desafios presentes e futuros e para uma sa\u00edda da grave crise sist\u00e9mica em que nos encontramos.<\/p>\n<p>Gostaria de expressar a minha profunda gratid\u00e3o pela presen\u00e7a de Vossas Excel\u00eancias, cuja participa\u00e7\u00e3o nos debates contribuiu para a sua eleva\u00e7\u00e3o e para o refor\u00e7o do sentimento de unidade comunit\u00e1ria, constituindo mais um incentivo para a rigorosa implementa\u00e7\u00e3o do Plano de Ac\u00e7\u00e3o assumido no quadro dos objectivos gerais da CPLP.<\/p>\n<p>Desejo a Vossas Excel\u00eancias e respectivas delega\u00e7\u00f5es, \u00e0s equipas de trabalho que, com esfor\u00e7o e dedica\u00e7\u00e3o tudo fizeram, para tornar poss\u00edvel a realiza\u00e7\u00e3o com \u00eaxito desta Cimeira, votos de um bom regresso a casa.<\/p>\n<p>Muito obrigado a todos!<\/p>\n","protected":false},"excerpt":{"rendered":"<p>Sua Excel\u00eancia Jorge Carlos de Almeida Fonseca, Presidente da Rep\u00fablica de Cabo Verde, &#8211; Sua Excel\u00eancia Umaru Sissoco Embal\u00f3, Presidente da Rep\u00fablica da Guin\u00e9-Bissau, &#8211; Sua Excel\u00eancia Marcelo Nuno Duarte Rebelo de Sousa, Presidente da Rep\u00fablica Portuguesa, &#8211; Sua Excel\u00eancia Evaristo Esp\u00edrito Santo Carvalho, Presidente da Rep\u00fablica de S\u00e3o Tom\u00e9 e Pr\u00edncipe, &#8211; Sua Excel\u00eancia [&hellip;]<\/p>\n","protected":false},"author":1,"featured_media":7424,"comment_status":"open","ping_status":"open","sticky":false,"template":"","format":"standard","meta":{"footnotes":""},"categories":[12],"tags":[],"class_list":{"0":"post-7422","1":"post","2":"type-post","3":"status-publish","4":"format-standard","5":"has-post-thumbnail","7":"category-politica-angola"},"amp_enabled":true,"_links":{"self":[{"href":"https:\/\/tvbelas.com\/tvbelas\/wp-json\/wp\/v2\/posts\/7422","targetHints":{"allow":["GET"]}}],"collection":[{"href":"https:\/\/tvbelas.com\/tvbelas\/wp-json\/wp\/v2\/posts"}],"about":[{"href":"https:\/\/tvbelas.com\/tvbelas\/wp-json\/wp\/v2\/types\/post"}],"author":[{"embeddable":true,"href":"https:\/\/tvbelas.com\/tvbelas\/wp-json\/wp\/v2\/users\/1"}],"replies":[{"embeddable":true,"href":"https:\/\/tvbelas.com\/tvbelas\/wp-json\/wp\/v2\/comments?post=7422"}],"version-history":[{"count":0,"href":"https:\/\/tvbelas.com\/tvbelas\/wp-json\/wp\/v2\/posts\/7422\/revisions"}],"wp:featuredmedia":[{"embeddable":true,"href":"https:\/\/tvbelas.com\/tvbelas\/wp-json\/"}],"wp:attachment":[{"href":"https:\/\/tvbelas.com\/tvbelas\/wp-json\/wp\/v2\/media?parent=7422"}],"wp:term":[{"taxonomy":"category","embeddable":true,"href":"https:\/\/tvbelas.com\/tvbelas\/wp-json\/wp\/v2\/categories?post=7422"},{"taxonomy":"post_tag","embeddable":true,"href":"https:\/\/tvbelas.com\/tvbelas\/wp-json\/wp\/v2\/tags?post=7422"}],"curies":[{"name":"wp","href":"https:\/\/api.w.org\/{rel}","templated":true}]}}