{"id":7426,"date":"2021-07-17T20:25:56","date_gmt":"2021-07-17T19:25:56","guid":{"rendered":"http:\/\/tvbelas.com\/tvbelas\/?p=7426"},"modified":"2021-07-17T20:25:56","modified_gmt":"2021-07-17T19:25:56","slug":"manuel-fernandes-presidente-da-casa-ce-visita-mercados-do-cantinton-e-do-trinta-em-luanda","status":"publish","type":"post","link":"https:\/\/tvbelas.com\/tvbelas\/noticias\/politica-angola\/manuel-fernandes-presidente-da-casa-ce-visita-mercados-do-cantinton-e-do-trinta-em-luanda\/","title":{"rendered":"MANUEL FERNANDES, PRESIDENTE DA CASA-CE, VISITA  MERCADOS DO CANTINTON E DO TRINTA, EM LUANDA."},"content":{"rendered":"<p>Uma semana depois de ter percorrido Luanda abordo de transportes colectivos, onde constatou enormes enchentes nas paragens e no interior dos transportes colectivos, que contrastam com as restri\u00e7\u00f5es impostas pelo Decreto Presidencial em vigor, o L\u00edder da CASA-CE, Manuel Fernandes voltou a manter contacto directo com a realidade dos angolanos, na visita realizada neste, s\u00e1bado aos mercados do Cantinton e do Trinta, onde os pre\u00e7os elevados dos produtos da cesta b\u00e1sica e o fraco poder de compra dos cidad\u00e3os s\u00e3o os principais constrangimentos, que inquietam a popula\u00e7\u00e3o que a\u00ed frequenta disse, Manuel Fernandes.<br \/>\nNa sua interven\u00e7\u00e3o \u00e0 imprensa, o L\u00edder da CASA-CE, Manuel Fernandes afirmou que a fome n\u00e3o espera, da\u00ed a necessidade das autoridades angolanas articularem de forma urgente todos os mecanismos, que permitam abaixar os pre\u00e7os dos bens e servi\u00e7os sociais b\u00e1sicos, que sobem a cada dia que passa.<br \/>\nComo representantes do povo e proponentes de uma nova ordem pol\u00edtica em Angola, Manuel Fernandes disse, que a sua jornada de trabalho de campo vai continuar na pr\u00f3xima semana, no sentido de se manter por dentro das reais preocupa\u00e7\u00f5es que afligem os angolanos dentro e fora dos mercados.<br \/>\nA dura situa\u00e7\u00e3o social patente no rosto dos seus concidad\u00e3os, o L\u00edder da CASA-CE partilhou por alguns momentos mensagens de esperan\u00e7a e de encorajamento aos menos equipados, a quem teve amabilidade de oferecer m\u00e1scara facial para se protegerem da Covid-19.<br \/>\n\u00c0 companhia do Presidente da CASA-CE, Dr. Manuel Fernandes, na jornada de trabalho de campo aos mercados do Cantinton e do Trinta, estiveram os Vice-presidentes Sikonda Lulendo Alexandre e Fel\u00e9 Ant\u00f3nio e quadros titulares do Executivo Nacional, Provincial, Municipal e Distrital da CASA-CE, em Luanda.<\/p>\n","protected":false},"excerpt":{"rendered":"<p>Uma semana depois de ter percorrido Luanda abordo de transportes colectivos, onde constatou enormes enchentes nas paragens e no interior dos transportes colectivos, que contrastam com as restri\u00e7\u00f5es impostas pelo Decreto Presidencial em vigor, o L\u00edder da CASA-CE, Manuel Fernandes voltou a manter contacto directo com a realidade dos angolanos, na visita realizada neste, s\u00e1bado [&hellip;]<\/p>\n","protected":false},"author":1,"featured_media":7428,"comment_status":"open","ping_status":"open","sticky":false,"template":"","format":"gallery","meta":{"footnotes":""},"categories":[12],"tags":[],"class_list":{"0":"post-7426","1":"post","2":"type-post","3":"status-publish","4":"format-gallery","5":"has-post-thumbnail","7":"category-politica-angola","8":"post_format-post-format-gallery"},"amp_enabled":true,"_links":{"self":[{"href":"https:\/\/tvbelas.com\/tvbelas\/wp-json\/wp\/v2\/posts\/7426","targetHints":{"allow":["GET"]}}],"collection":[{"href":"https:\/\/tvbelas.com\/tvbelas\/wp-json\/wp\/v2\/posts"}],"about":[{"href":"https:\/\/tvbelas.com\/tvbelas\/wp-json\/wp\/v2\/types\/post"}],"author":[{"embeddable":true,"href":"https:\/\/tvbelas.com\/tvbelas\/wp-json\/wp\/v2\/users\/1"}],"replies":[{"embeddable":true,"href":"https:\/\/tvbelas.com\/tvbelas\/wp-json\/wp\/v2\/comments?post=7426"}],"version-history":[{"count":0,"href":"https:\/\/tvbelas.com\/tvbelas\/wp-json\/wp\/v2\/posts\/7426\/revisions"}],"wp:featuredmedia":[{"embeddable":true,"href":"https:\/\/tvbelas.com\/tvbelas\/wp-json\/"}],"wp:attachment":[{"href":"https:\/\/tvbelas.com\/tvbelas\/wp-json\/wp\/v2\/media?parent=7426"}],"wp:term":[{"taxonomy":"category","embeddable":true,"href":"https:\/\/tvbelas.com\/tvbelas\/wp-json\/wp\/v2\/categories?post=7426"},{"taxonomy":"post_tag","embeddable":true,"href":"https:\/\/tvbelas.com\/tvbelas\/wp-json\/wp\/v2\/tags?post=7426"}],"curies":[{"name":"wp","href":"https:\/\/api.w.org\/{rel}","templated":true}]}}