{"id":7441,"date":"2021-07-17T21:13:55","date_gmt":"2021-07-17T20:13:55","guid":{"rendered":"http:\/\/tvbelas.com\/tvbelas\/?p=7441"},"modified":"2021-07-17T21:13:55","modified_gmt":"2021-07-17T20:13:55","slug":"%f0%9d%90%91ui-falcao-diz-que-a-oposicao-vai-perder-as-eleicoes-em-luanda","status":"publish","type":"post","link":"https:\/\/tvbelas.com\/tvbelas\/noticias\/politica-angola\/%f0%9d%90%91ui-falcao-diz-que-a-oposicao-vai-perder-as-eleicoes-em-luanda\/","title":{"rendered":"????UI FALC\u00c3O  DIZ   QUE A OPOSI\u00c7\u00c3O, VAI PERDER \u00c0S ELEI\u00c7\u00d5ES EM LUANDA"},"content":{"rendered":"<p>O Primeiro Secret\u00e1rio Provincial do MPLA em Luanda, ????ento Bento, encerrou neste s\u00e1bado, a sua intensa jornada de campo no ????????????????????\u00ed???????????? ???????? ????????????????????????????????. Na ocasi\u00e3o, ap\u00f3s ter constatado as principais preocupa\u00e7\u00f5es da popula\u00e7\u00e3o, ???????????????????? ???????????????????? disse aos mun\u00edcipes que est\u00e3o a ser implementadas medidas concretas pelo Governo Provincial de Luanda para a sua resolu\u00e7\u00e3o, conforme orientado pelo ???????????????????????????????????????? ????????\u00e3???? ????????????????????????\u00e7????.<br \/>\nPor seu turno, ???????????? ????????????????\u00e3????, Secret\u00e1rio para Informa\u00e7\u00e3o e Propaganda do MPLA disse que a vit\u00f3ria do MPLA em Luanda \u00e9 uma quest\u00e3o de honra e que, por isso, todos os militantes do MPLA residentes em Luanda, com especial realce aos Membros do Comit\u00e9 Central, devem apoiar o partido em Luanda nas diferentes tarefas que conduzir\u00e3o a vit\u00f3ria eleitoral.<br \/>\nRui Falc\u00e3o aproveitou a oportunidade para chamar aten\u00e7\u00e3o aos \u201c????????????????????????????????????????????\u201d, no sentido de evitarem desacatos uma vez que \u00e9 um facto que a oposi\u00e7\u00e3o vai perder \u00e0s elei\u00e7\u00f5es.<\/p>\n","protected":false},"excerpt":{"rendered":"<p>O Primeiro Secret\u00e1rio Provincial do MPLA em Luanda, ????ento Bento, encerrou neste s\u00e1bado, a sua intensa jornada de campo no ????????????????????\u00ed???????????? ???????? ????????????????????????????????. Na ocasi\u00e3o, ap\u00f3s ter constatado as principais preocupa\u00e7\u00f5es da popula\u00e7\u00e3o, ???????????????????? ???????????????????? disse aos mun\u00edcipes que est\u00e3o a ser implementadas medidas concretas pelo Governo Provincial de Luanda para a sua resolu\u00e7\u00e3o, conforme [&hellip;]<\/p>\n","protected":false},"author":1,"featured_media":7443,"comment_status":"open","ping_status":"open","sticky":false,"template":"","format":"gallery","meta":{"footnotes":""},"categories":[12],"tags":[],"class_list":{"0":"post-7441","1":"post","2":"type-post","3":"status-publish","4":"format-gallery","5":"has-post-thumbnail","7":"category-politica-angola","8":"post_format-post-format-gallery"},"amp_enabled":true,"_links":{"self":[{"href":"https:\/\/tvbelas.com\/tvbelas\/wp-json\/wp\/v2\/posts\/7441","targetHints":{"allow":["GET"]}}],"collection":[{"href":"https:\/\/tvbelas.com\/tvbelas\/wp-json\/wp\/v2\/posts"}],"about":[{"href":"https:\/\/tvbelas.com\/tvbelas\/wp-json\/wp\/v2\/types\/post"}],"author":[{"embeddable":true,"href":"https:\/\/tvbelas.com\/tvbelas\/wp-json\/wp\/v2\/users\/1"}],"replies":[{"embeddable":true,"href":"https:\/\/tvbelas.com\/tvbelas\/wp-json\/wp\/v2\/comments?post=7441"}],"version-history":[{"count":0,"href":"https:\/\/tvbelas.com\/tvbelas\/wp-json\/wp\/v2\/posts\/7441\/revisions"}],"wp:featuredmedia":[{"embeddable":true,"href":"https:\/\/tvbelas.com\/tvbelas\/wp-json\/"}],"wp:attachment":[{"href":"https:\/\/tvbelas.com\/tvbelas\/wp-json\/wp\/v2\/media?parent=7441"}],"wp:term":[{"taxonomy":"category","embeddable":true,"href":"https:\/\/tvbelas.com\/tvbelas\/wp-json\/wp\/v2\/categories?post=7441"},{"taxonomy":"post_tag","embeddable":true,"href":"https:\/\/tvbelas.com\/tvbelas\/wp-json\/wp\/v2\/tags?post=7441"}],"curies":[{"name":"wp","href":"https:\/\/api.w.org\/{rel}","templated":true}]}}