{"id":7449,"date":"2021-07-18T13:27:53","date_gmt":"2021-07-18T12:27:53","guid":{"rendered":"http:\/\/tvbelas.com\/tvbelas\/?p=7449"},"modified":"2021-07-18T13:27:53","modified_gmt":"2021-07-18T12:27:53","slug":"depois-de-ter-sido-morto-general-ze-maria-visitou-a-campa-da-sua-malograda-mae","status":"publish","type":"post","link":"https:\/\/tvbelas.com\/tvbelas\/noticias\/sociedade\/depois-de-ter-sido-morto-general-ze-maria-visitou-a-campa-da-sua-malograda-mae\/","title":{"rendered":"DEPOIS DE TER SIDO \u201cMORTO\u201d GENERAL Z\u00c9 MARIA VISITOU A CAMPA DA SUA MALOGRADA  M\u00c3E"},"content":{"rendered":"<p>Depois de ter sido \u201cmorto\u201d na sexta-feira (15), o antigo homem forte do pal\u00e1cio presidencial no reinado do ex. presidente Jos\u00e9 Eduardo dos Santos , o general reformado Ant\u00f4nio Jos\u00e9 Maria, tirou o s\u00e1bado para visitar a campa da sua malograda m\u00e3e e de outros familiares, no cemit\u00e9rio dos Alto das Cruzes.<br \/>\nDiante da campa m\u00e3e, onde o general z\u00e9 maria colocou uma estatua da mesma, rezou e deitou-se na campa em frente que preparou para quando um dia partir do mundo dos vivos, e de seguida declarou, que os seus malogrados familiares esperam por si \u201ca menos que eu morra completamente carbonizado e assim n\u00e3o terei corpo para ser enterrado\u201d.<br \/>\nDurante a visita \u201ccemit\u00e9rial\u201d, o general Z\u00e9 Maria esclareceu que \u201cnasci num dia, 6 de Mar\u00e7o de 1946 e espero morrer noutro, mas n\u00e3o foi no dia 16 de Junho de 2011\u201d.<br \/>\nVisitou n ainda, a campa do seu irm\u00e3o Toni, da irm\u00e3 Delfina, da tia Ana, de amigos que morreram no fraccionismo, e de malogrados generais amigos como \u201cIko\u201d Carreira, \u201cFoget\u00e3o\u201d, \u201cMbinda\u201d, Dibala, Ambr\u00f3sio Narciso, e etc. Ao total visitou mais de 20 campas.<br \/>\nGeneral Z\u00e9 Maria Tiro O S\u00e1bado Para Manter Contacto com a campa da sua malograda m\u00e3e e de outros familiares, no cemit\u00e9rio dos Alto das Cruzes.<\/p>\n<p>Fonte: Jos\u00e9 Gama<\/p>\n","protected":false},"excerpt":{"rendered":"<p>Depois de ter sido \u201cmorto\u201d na sexta-feira (15), o antigo homem forte do pal\u00e1cio presidencial no reinado do ex. presidente Jos\u00e9 Eduardo dos Santos , o general reformado Ant\u00f4nio Jos\u00e9 Maria, tirou o s\u00e1bado para visitar a campa da sua malograda m\u00e3e e de outros familiares, no cemit\u00e9rio dos Alto das Cruzes. Diante da campa [&hellip;]<\/p>\n","protected":false},"author":1,"featured_media":7455,"comment_status":"open","ping_status":"open","sticky":false,"template":"","format":"gallery","meta":{"footnotes":""},"categories":[15],"tags":[],"class_list":{"0":"post-7449","1":"post","2":"type-post","3":"status-publish","4":"format-gallery","5":"has-post-thumbnail","7":"category-sociedade","8":"post_format-post-format-gallery"},"amp_enabled":true,"_links":{"self":[{"href":"https:\/\/tvbelas.com\/tvbelas\/wp-json\/wp\/v2\/posts\/7449","targetHints":{"allow":["GET"]}}],"collection":[{"href":"https:\/\/tvbelas.com\/tvbelas\/wp-json\/wp\/v2\/posts"}],"about":[{"href":"https:\/\/tvbelas.com\/tvbelas\/wp-json\/wp\/v2\/types\/post"}],"author":[{"embeddable":true,"href":"https:\/\/tvbelas.com\/tvbelas\/wp-json\/wp\/v2\/users\/1"}],"replies":[{"embeddable":true,"href":"https:\/\/tvbelas.com\/tvbelas\/wp-json\/wp\/v2\/comments?post=7449"}],"version-history":[{"count":0,"href":"https:\/\/tvbelas.com\/tvbelas\/wp-json\/wp\/v2\/posts\/7449\/revisions"}],"wp:featuredmedia":[{"embeddable":true,"href":"https:\/\/tvbelas.com\/tvbelas\/wp-json\/"}],"wp:attachment":[{"href":"https:\/\/tvbelas.com\/tvbelas\/wp-json\/wp\/v2\/media?parent=7449"}],"wp:term":[{"taxonomy":"category","embeddable":true,"href":"https:\/\/tvbelas.com\/tvbelas\/wp-json\/wp\/v2\/categories?post=7449"},{"taxonomy":"post_tag","embeddable":true,"href":"https:\/\/tvbelas.com\/tvbelas\/wp-json\/wp\/v2\/tags?post=7449"}],"curies":[{"name":"wp","href":"https:\/\/api.w.org\/{rel}","templated":true}]}}