{"id":7505,"date":"2021-07-21T12:13:25","date_gmt":"2021-07-21T11:13:25","guid":{"rendered":"http:\/\/tvbelas.com\/tvbelas\/?p=7505"},"modified":"2021-07-21T12:13:25","modified_gmt":"2021-07-21T11:13:25","slug":"casos-de-desnutricao-aumento-no-sul-do-pais-devido-a-seca","status":"publish","type":"post","link":"https:\/\/tvbelas.com\/tvbelas\/noticias\/sociedade\/casos-de-desnutricao-aumento-no-sul-do-pais-devido-a-seca\/","title":{"rendered":"CASOS DE DESNUTRI\u00c7\u00c3O AUMENTO NO SUL DO PA\u00cdS DEVIDO A SECA"},"content":{"rendered":"<p>Segundo o respons\u00e1vel, em declara\u00e7\u00f5es \u00e0 imprensa, ap\u00f3s avaliar a situa\u00e7\u00e3o na prov\u00edncia do Cunene, do rastreio realizado na \u00faltima semana nas comunidades afectadas pela seca nesta regi\u00e3o, bem como no Namibe e Hu\u00edla, os n\u00fameros de desnutri\u00e7\u00e3o est\u00e3o acima de 20 por cento.<\/p>\n<p>Disse que foram realizados rastreios sobre a desnutri\u00e7\u00e3o, mal\u00e1ria, tuberculose e HIV, onde os casos de desnutri\u00e7\u00e3o foram acima do esperado, facto que obriga a tomada de medidas para uma resposta nutricional, com particular realce para a prov\u00edncia do Cunene.<\/p>\n<p>Entre as medidas, apontou a transfer\u00eancia de casos severos em unidades especializadas e o refor\u00e7o da assist\u00eancia ambulat\u00f3ria dos casos moderados, assim como o acesso a alimenta\u00e7\u00e3o saud\u00e1vel junto das cozinhas comunit\u00e1rias, para poder atender \u00e0s popula\u00e7\u00f5es deslocadas por causa da seca.<\/p>\n<p>No seu entender, apesar da ajuda do Executivo, o assunto deve merecer uma abordagem mais hol\u00edstica, com o envolvimento da pr\u00f3pria sociedade, no sentido de repensar a abordagem cultural relacionada com a poupan\u00e7a dos animais, prejudicando a dieta alimentar.<\/p>\n<p>Dados do gabinete provincial da sa\u00fade no Cunene indicam que no decurso do I semestre de 2021 foram registados tr\u00eas mil e 528 casos, com 55 \u00f3bitos.<\/p>\n<p>Comparativamente ao per\u00edodo anterior, houve um aumento de mil 389 casos e um \u00f3bito.<\/p>\n<p>Franco Mufinda disse que o trabalho serviu para medir o grau de desnutri\u00e7\u00e3o nas comunidades em decorr\u00eancia da seca, onde visitou-se \u00e0s popula\u00e7\u00f5es assentadas na Cahama e Xangongo (Cunene), Jau, Bata Bata , Quilemba e Tundas (Huila) e Virei (Namibe).<\/p>\n<p><strong>Mal\u00e1ria menos preocupante<\/strong><\/p>\n<p>Relativamente a mal\u00e1ria, Franco Mufinda disse que apesar de ser um problema de sa\u00fade p\u00fablica, ao contr\u00e1rio da regi\u00e3o norte denota-se o reduzir do impacto da doen\u00e7a nas tr\u00eas prov\u00edncias.<\/p>\n<p>Do ponto de vista epidemiol\u00f3gico, salientou que a situa\u00e7\u00e3o \u00e9 est\u00e1vel, pois os casos da mal\u00e1ria est\u00e3o em decad\u00eancia, apesar de ser preocupante os casos no munic\u00edpio de Ombadja, em que os exames realizados \u00a0apontam para \u00a0uma taxa acima de 50 por cento.<\/p>\n<p>A n\u00edvel do Cunene, sublinhou o registo nos primeiros seis meses do ano em curso um universo de 30 mil 648 casos, com 102 \u00f3bitos, contra os 32 mil 64 casos e 83 \u00f3bitos do per\u00edodo hom\u00f3logo de 2020.<\/p>\n","protected":false},"excerpt":{"rendered":"<p>Segundo o respons\u00e1vel, em declara\u00e7\u00f5es \u00e0 imprensa, ap\u00f3s avaliar a situa\u00e7\u00e3o na prov\u00edncia do Cunene, do rastreio realizado na \u00faltima semana nas comunidades afectadas pela seca nesta regi\u00e3o, bem como no Namibe e Hu\u00edla, os n\u00fameros de desnutri\u00e7\u00e3o est\u00e3o acima de 20 por cento. Disse que foram realizados rastreios sobre a desnutri\u00e7\u00e3o, mal\u00e1ria, tuberculose e [&hellip;]<\/p>\n","protected":false},"author":1,"featured_media":7507,"comment_status":"open","ping_status":"open","sticky":false,"template":"","format":"standard","meta":{"footnotes":""},"categories":[15],"tags":[],"class_list":{"0":"post-7505","1":"post","2":"type-post","3":"status-publish","4":"format-standard","5":"has-post-thumbnail","7":"category-sociedade"},"amp_enabled":true,"_links":{"self":[{"href":"https:\/\/tvbelas.com\/tvbelas\/wp-json\/wp\/v2\/posts\/7505","targetHints":{"allow":["GET"]}}],"collection":[{"href":"https:\/\/tvbelas.com\/tvbelas\/wp-json\/wp\/v2\/posts"}],"about":[{"href":"https:\/\/tvbelas.com\/tvbelas\/wp-json\/wp\/v2\/types\/post"}],"author":[{"embeddable":true,"href":"https:\/\/tvbelas.com\/tvbelas\/wp-json\/wp\/v2\/users\/1"}],"replies":[{"embeddable":true,"href":"https:\/\/tvbelas.com\/tvbelas\/wp-json\/wp\/v2\/comments?post=7505"}],"version-history":[{"count":0,"href":"https:\/\/tvbelas.com\/tvbelas\/wp-json\/wp\/v2\/posts\/7505\/revisions"}],"wp:featuredmedia":[{"embeddable":true,"href":"https:\/\/tvbelas.com\/tvbelas\/wp-json\/"}],"wp:attachment":[{"href":"https:\/\/tvbelas.com\/tvbelas\/wp-json\/wp\/v2\/media?parent=7505"}],"wp:term":[{"taxonomy":"category","embeddable":true,"href":"https:\/\/tvbelas.com\/tvbelas\/wp-json\/wp\/v2\/categories?post=7505"},{"taxonomy":"post_tag","embeddable":true,"href":"https:\/\/tvbelas.com\/tvbelas\/wp-json\/wp\/v2\/tags?post=7505"}],"curies":[{"name":"wp","href":"https:\/\/api.w.org\/{rel}","templated":true}]}}