{"id":7541,"date":"2021-07-22T21:08:31","date_gmt":"2021-07-22T20:08:31","guid":{"rendered":"http:\/\/tvbelas.com\/tvbelas\/?p=7541"},"modified":"2021-07-22T21:08:31","modified_gmt":"2021-07-22T20:08:31","slug":"angola-derrota-derrotou-a-eslovaquia-em-portugal-no-torneio-de-preparacao-para-o-afrobasket-2021","status":"publish","type":"post","link":"https:\/\/tvbelas.com\/tvbelas\/noticias\/desporto\/angola-derrota-derrotou-a-eslovaquia-em-portugal-no-torneio-de-preparacao-para-o-afrobasket-2021\/","title":{"rendered":"ANGOLA DERROTA DERROTOU A ESLOV\u00c1QUIA EM PORTUGAL NO TORNEIO DE PREPARA\u00c7\u00c3O PARA O AFROBASKET 2021"},"content":{"rendered":"<p>O Cinco Nacional S\u00e9nior Masculino de basquetebol iniciou o torneio de Matozinhos com vit\u00f3ria de 86-59 frente a sua similar da Eslov\u00e1quia.<br \/>\nA selec\u00e7\u00e3o Nacional prepara-se para o campeonato africano a realizar-se de 24 Agosto a 5 de Setembro pr\u00f3ximo, em Kigali (Rwanda).<br \/>\nPara o mesmo torneio na quarta feira Portugal pr\u00f3ximo advers\u00e1rio de Angola, ganhou por 75-70 \u00e0 mesma Eslov\u00e1quia.<br \/>\nEntretanto o \u00e1rbitro internacional angolano Ant\u00f3nio Bernardo representa a classe na 30\u00aa edi\u00e7\u00e3o do Campeonato Africano das Na\u00e7\u00f5es em Basquetebol \u201cAfrobasket2021\u201d.<br \/>\nA indica\u00e7\u00e3o consta de uma lista de 18 ju\u00edzes FIBA em representa\u00e7\u00e3o de 13 pa\u00edses, com realce para o Egipto, Senegal, Mali, Marrocos e a Tun\u00edsia com dois cada.<br \/>\nSer\u00e1 a terceira presen\u00e7a consecutiva em provas do g\u00e9nero, depois do Afrobasket masculino de 2017, co-organizado pelo Senegal e a Tun\u00edsia, no qual esteve tamb\u00e9m o seu compatriota David Manuel, e o Africano feminino de 2019, em Bamako (Mali).<br \/>\nEm Maio \u00faltimo, Ant\u00f3nio Bernardo apitou na Liga Africana de Clubes (BAL), igualmente em Kigali, competi\u00e7\u00e3o em que Angola se fez presente com a equipa do Petro de Luanda, que ficou na terceira posi\u00e7\u00e3o.<br \/>\nIniciado na arbitragem em 1993, o juiz atingiu a categoria internacional no ano de 2005 e, entre outras actividades, apitou provas africanas nos escal\u00f5es de sub-16, 18 e 20 em v\u00e1rios pa\u00edses.<\/p>\n","protected":false},"excerpt":{"rendered":"<p>O Cinco Nacional S\u00e9nior Masculino de basquetebol iniciou o torneio de Matozinhos com vit\u00f3ria de 86-59 frente a sua similar da Eslov\u00e1quia. A selec\u00e7\u00e3o Nacional prepara-se para o campeonato africano a realizar-se de 24 Agosto a 5 de Setembro pr\u00f3ximo, em Kigali (Rwanda). Para o mesmo torneio na quarta feira Portugal pr\u00f3ximo advers\u00e1rio de Angola, [&hellip;]<\/p>\n","protected":false},"author":1,"featured_media":7543,"comment_status":"open","ping_status":"open","sticky":false,"template":"","format":"standard","meta":{"footnotes":""},"categories":[19],"tags":[],"class_list":{"0":"post-7541","1":"post","2":"type-post","3":"status-publish","4":"format-standard","5":"has-post-thumbnail","7":"category-desporto"},"amp_enabled":true,"_links":{"self":[{"href":"https:\/\/tvbelas.com\/tvbelas\/wp-json\/wp\/v2\/posts\/7541","targetHints":{"allow":["GET"]}}],"collection":[{"href":"https:\/\/tvbelas.com\/tvbelas\/wp-json\/wp\/v2\/posts"}],"about":[{"href":"https:\/\/tvbelas.com\/tvbelas\/wp-json\/wp\/v2\/types\/post"}],"author":[{"embeddable":true,"href":"https:\/\/tvbelas.com\/tvbelas\/wp-json\/wp\/v2\/users\/1"}],"replies":[{"embeddable":true,"href":"https:\/\/tvbelas.com\/tvbelas\/wp-json\/wp\/v2\/comments?post=7541"}],"version-history":[{"count":0,"href":"https:\/\/tvbelas.com\/tvbelas\/wp-json\/wp\/v2\/posts\/7541\/revisions"}],"wp:featuredmedia":[{"embeddable":true,"href":"https:\/\/tvbelas.com\/tvbelas\/wp-json\/"}],"wp:attachment":[{"href":"https:\/\/tvbelas.com\/tvbelas\/wp-json\/wp\/v2\/media?parent=7541"}],"wp:term":[{"taxonomy":"category","embeddable":true,"href":"https:\/\/tvbelas.com\/tvbelas\/wp-json\/wp\/v2\/categories?post=7541"},{"taxonomy":"post_tag","embeddable":true,"href":"https:\/\/tvbelas.com\/tvbelas\/wp-json\/wp\/v2\/tags?post=7541"}],"curies":[{"name":"wp","href":"https:\/\/api.w.org\/{rel}","templated":true}]}}