{"id":7589,"date":"2021-07-26T12:03:55","date_gmt":"2021-07-26T11:03:55","guid":{"rendered":"http:\/\/tvbelas.com\/tvbelas\/?p=7589"},"modified":"2021-07-26T12:03:55","modified_gmt":"2021-07-26T11:03:55","slug":"o-presidente-da-republica-joao-lourenco-deixa-luanda-com-destino-a-turquia-para-uma-visita-de-estado-de-dois-dias","status":"publish","type":"post","link":"https:\/\/tvbelas.com\/tvbelas\/noticias\/politica-angola\/o-presidente-da-republica-joao-lourenco-deixa-luanda-com-destino-a-turquia-para-uma-visita-de-estado-de-dois-dias\/","title":{"rendered":"O PRESIDENTE DA REP\u00daBLICA JO\u00c3O LOUREN\u00c7O  DEIXA LUANDA COM DESTINO \u00c0 TURQUIA  PARA UMA VISITA DE ESTADO DE DOIS DIAS"},"content":{"rendered":"<p>No aeroporto internacional &#8220;4 de Fevereiro&#8221;, o Presidente da Rep\u00fablica recebeu cumprimentos de despedida do Vice-Presidente da Rep\u00fablica, Bornito de Sousa, e de altos funcion\u00e1rios do Executivo angolano.<\/p>\n<p>Uma nota da Secretaria para os Assuntos de Comunica\u00e7\u00e3o Institucional e Imprensa do Presidente da Rep\u00fablica indica que Jo\u00e3o Louren\u00e7o, que se faz acompanhar de uma delega\u00e7\u00e3o de alto n\u00edvel, re\u00fane-se ter\u00e7a-feira, no per\u00edodo da tarde, com o seu hom\u00f3logo turco.<\/p>\n<p>Durante a visita, delega\u00e7\u00f5es ministeriais passam em revista quest\u00f5es essenciais das rela\u00e7\u00f5es entre Angola e a Turquia, estando prevista a assinatura de acordos de coopera\u00e7\u00e3o, nos dom\u00ednios dos transportes, militar, com\u00e9rcio, economia, recursos minerais, bem como consular e diplom\u00e1tico, com a elimina\u00e7\u00e3o de vistos em passaportes de servi\u00e7o, diplom\u00e1ticos e especiais.<\/p>\n<p>Quarta-feira, \u00faltimo dia da visita, o Presidente Jo\u00e3o Louren\u00e7o participa num f\u00f3rum empresarial com dezenas de homens de neg\u00f3cios, a quem apresenta o potencial econ\u00f3mico de Angola e as m\u00faltiplas iniciativas tendentes a melhorar progressivamente o ambiente de neg\u00f3cios.<\/p>\n<p>As rela\u00e7\u00f5es diplom\u00e1ticas entre Angola e a Turquia datam de 1980 e os dois pa\u00edses j\u00e1 t\u00eam acordos de coopera\u00e7\u00e3o nos dom\u00ednios do com\u00e9rcio, agricultura, educa\u00e7\u00e3o, cultura, defesa, justi\u00e7a e desporto.<\/p>\n<p>Em Angola, a Turquia tem investimentos nas prov\u00edncias de Luanda e U\u00edge, nas \u00e1reas da ind\u00fastria, com\u00e9rcio, educa\u00e7\u00e3o e constru\u00e7\u00e3o civil.<\/p>\n<p>Existe ainda a inten\u00e7\u00e3o de assinatura de um acordo, para a cria\u00e7\u00e3o de uma c\u00e2mara de com\u00e9rcio, no \u00e2mbito do refor\u00e7o da coopera\u00e7\u00e3o bilateral.<\/p>\n<p>Em Junho \u00faltimo, delega\u00e7\u00f5es dos dois pa\u00edses analisaram a coopera\u00e7\u00e3o no sector dos transportes, designadamente na \u00e1rea da avia\u00e7\u00e3o civil e das infra-estruturas ferrovi\u00e1rias, com perspectivas de empres\u00e1rios turcos investirem nos sub-sectores mar\u00edtimo, portu\u00e1rio e ferrovi\u00e1rio.<\/p>\n<p>Segundo se soube, a companhia a\u00e9rea da Turquia poder\u00e1 come\u00e7ar a operar para Luanda, ainda este ano.<\/p>\n<p>&nbsp;<\/p>\n","protected":false},"excerpt":{"rendered":"<p>No aeroporto internacional &#8220;4 de Fevereiro&#8221;, o Presidente da Rep\u00fablica recebeu cumprimentos de despedida do Vice-Presidente da Rep\u00fablica, Bornito de Sousa, e de altos funcion\u00e1rios do Executivo angolano. Uma nota da Secretaria para os Assuntos de Comunica\u00e7\u00e3o Institucional e Imprensa do Presidente da Rep\u00fablica indica que Jo\u00e3o Louren\u00e7o, que se faz acompanhar de uma delega\u00e7\u00e3o [&hellip;]<\/p>\n","protected":false},"author":1,"featured_media":7591,"comment_status":"open","ping_status":"open","sticky":false,"template":"","format":"standard","meta":{"footnotes":""},"categories":[12],"tags":[],"class_list":{"0":"post-7589","1":"post","2":"type-post","3":"status-publish","4":"format-standard","5":"has-post-thumbnail","7":"category-politica-angola"},"amp_enabled":true,"_links":{"self":[{"href":"https:\/\/tvbelas.com\/tvbelas\/wp-json\/wp\/v2\/posts\/7589","targetHints":{"allow":["GET"]}}],"collection":[{"href":"https:\/\/tvbelas.com\/tvbelas\/wp-json\/wp\/v2\/posts"}],"about":[{"href":"https:\/\/tvbelas.com\/tvbelas\/wp-json\/wp\/v2\/types\/post"}],"author":[{"embeddable":true,"href":"https:\/\/tvbelas.com\/tvbelas\/wp-json\/wp\/v2\/users\/1"}],"replies":[{"embeddable":true,"href":"https:\/\/tvbelas.com\/tvbelas\/wp-json\/wp\/v2\/comments?post=7589"}],"version-history":[{"count":0,"href":"https:\/\/tvbelas.com\/tvbelas\/wp-json\/wp\/v2\/posts\/7589\/revisions"}],"wp:featuredmedia":[{"embeddable":true,"href":"https:\/\/tvbelas.com\/tvbelas\/wp-json\/"}],"wp:attachment":[{"href":"https:\/\/tvbelas.com\/tvbelas\/wp-json\/wp\/v2\/media?parent=7589"}],"wp:term":[{"taxonomy":"category","embeddable":true,"href":"https:\/\/tvbelas.com\/tvbelas\/wp-json\/wp\/v2\/categories?post=7589"},{"taxonomy":"post_tag","embeddable":true,"href":"https:\/\/tvbelas.com\/tvbelas\/wp-json\/wp\/v2\/tags?post=7589"}],"curies":[{"name":"wp","href":"https:\/\/api.w.org\/{rel}","templated":true}]}}