{"id":7624,"date":"2021-07-26T20:29:21","date_gmt":"2021-07-26T19:29:21","guid":{"rendered":"http:\/\/tvbelas.com\/tvbelas\/?p=7624"},"modified":"2021-07-26T20:29:21","modified_gmt":"2021-07-26T19:29:21","slug":"poste-angolano-bruno-fernando-que-actua-na-nba-vai-falhar-presenca-no-afrobasket2021","status":"publish","type":"post","link":"https:\/\/tvbelas.com\/tvbelas\/noticias\/desporto\/poste-angolano-bruno-fernando-que-actua-na-nba-vai-falhar-presenca-no-afrobasket2021\/","title":{"rendered":"POSTE ANGOLANO BRUNO FERNANDO QUE ACTUA NA NBA VAI FALHAR PRESEN\u00c7A NO AFROBASKET`2021."},"content":{"rendered":"<p>O Poste Bruno Fernando fica de fora da selec\u00e7\u00e3o nacional masculina de basquetebol que disputar\u00e1 o Afrobasket de 24 de Agosto a 5 de Setembro, no Rwanda.<br \/>\nA afirma\u00e7\u00e3o \u00e9 do presidente da Federa\u00e7\u00e3o Angolana da modalidade, Moniz Silva, reagindo \u00e0s declara\u00e7\u00f5es do jogador dos Atlanta Hawks da NBA de que se juntaria ao grupo de trabalho apenas depois do dia 16 de Agosto.<br \/>\nEm declara\u00e7\u00f5es \u00e0 TV Zimbo, o atleta formado na escola do 1\u00ba de Agosto mostrou-se interessado em evoluir na competi\u00e7\u00e3o continental, mas depois de competir na Summer League, nos EUA, onde regressa dia 1 de Agosto, ap\u00f3s f\u00e9rias em Luanda, capital angolana.<br \/>\nMoniz Silva diz que a federa\u00e7\u00e3o respeita a decis\u00e3o do jogador, mas acrescenta que pelas datas que o mesmo indica ser\u00e1 muito dif\u00edcil, at\u00e9 por respeito aos colegas de selec\u00e7\u00e3o presentes desde o in\u00edcio dos trabalhos.<br \/>\nFalando \u00e0 R\u00e1dio 5, disse existirem contactos para a participa\u00e7\u00e3o de um torneio internacional (n\u00e3o revelou pormenores), al\u00e9m da op\u00e7\u00e3o de realizar jogos com equipas da europa como o Sporting de Portugal e dois desafios com a selec\u00e7\u00e3o da Turquia.<br \/>\nBruno Fernando, primeiro e \u00fanico angolano a jogar na NBA, faz parte do grupo de convocados pelo seleccionador espanhol Josep Clar\u00f3s, para o Afrobasket do Rwanda.<br \/>\nTrabalham nesta altura, os atletas Hermenegildo Santos, Edson Ndoniema, Malick Ciss\u00e9, Pedro Bastos, Childe Dund\u00e3o, Selton Miguel, Leandro Concei\u00e7\u00e3o, Jilson Bango, Teot\u00f3nio D\u00f3, Aboubakar Gakou, Eduardo Mingas e Yanick Moreira, Carlos Morais e Leonel Paulo.<\/p>\n","protected":false},"excerpt":{"rendered":"<p>O Poste Bruno Fernando fica de fora da selec\u00e7\u00e3o nacional masculina de basquetebol que disputar\u00e1 o Afrobasket de 24 de Agosto a 5 de Setembro, no Rwanda. A afirma\u00e7\u00e3o \u00e9 do presidente da Federa\u00e7\u00e3o Angolana da modalidade, Moniz Silva, reagindo \u00e0s declara\u00e7\u00f5es do jogador dos Atlanta Hawks da NBA de que se juntaria ao grupo [&hellip;]<\/p>\n","protected":false},"author":1,"featured_media":7626,"comment_status":"open","ping_status":"open","sticky":false,"template":"","format":"standard","meta":{"footnotes":""},"categories":[19],"tags":[],"class_list":{"0":"post-7624","1":"post","2":"type-post","3":"status-publish","4":"format-standard","5":"has-post-thumbnail","7":"category-desporto"},"amp_enabled":true,"_links":{"self":[{"href":"https:\/\/tvbelas.com\/tvbelas\/wp-json\/wp\/v2\/posts\/7624","targetHints":{"allow":["GET"]}}],"collection":[{"href":"https:\/\/tvbelas.com\/tvbelas\/wp-json\/wp\/v2\/posts"}],"about":[{"href":"https:\/\/tvbelas.com\/tvbelas\/wp-json\/wp\/v2\/types\/post"}],"author":[{"embeddable":true,"href":"https:\/\/tvbelas.com\/tvbelas\/wp-json\/wp\/v2\/users\/1"}],"replies":[{"embeddable":true,"href":"https:\/\/tvbelas.com\/tvbelas\/wp-json\/wp\/v2\/comments?post=7624"}],"version-history":[{"count":0,"href":"https:\/\/tvbelas.com\/tvbelas\/wp-json\/wp\/v2\/posts\/7624\/revisions"}],"wp:featuredmedia":[{"embeddable":true,"href":"https:\/\/tvbelas.com\/tvbelas\/wp-json\/"}],"wp:attachment":[{"href":"https:\/\/tvbelas.com\/tvbelas\/wp-json\/wp\/v2\/media?parent=7624"}],"wp:term":[{"taxonomy":"category","embeddable":true,"href":"https:\/\/tvbelas.com\/tvbelas\/wp-json\/wp\/v2\/categories?post=7624"},{"taxonomy":"post_tag","embeddable":true,"href":"https:\/\/tvbelas.com\/tvbelas\/wp-json\/wp\/v2\/tags?post=7624"}],"curies":[{"name":"wp","href":"https:\/\/api.w.org\/{rel}","templated":true}]}}