{"id":7644,"date":"2021-07-27T20:09:20","date_gmt":"2021-07-27T19:09:20","guid":{"rendered":"http:\/\/tvbelas.com\/tvbelas\/?p=7644"},"modified":"2021-07-27T20:09:20","modified_gmt":"2021-07-27T19:09:20","slug":"joao-lourenco-relanca-cooperacao-entre-angola-e-a-turquia","status":"publish","type":"post","link":"https:\/\/tvbelas.com\/tvbelas\/noticias\/politica-angola\/joao-lourenco-relanca-cooperacao-entre-angola-e-a-turquia\/","title":{"rendered":"JO\u00c3O LOUREN\u00c7O RELAN\u00c7A COOPERA\u00c7\u00c3O ENTRE ANGOLA E A TURQUIA."},"content":{"rendered":"<p>\u201c\u00c9 inten\u00e7\u00e3o m\u00fatua\u00a0recuperar o tempo perdido e fazer desta visita de Estado a oportunidade para o relan\u00e7amento da coopera\u00e7\u00e3o\u201d, defendeu o estadista angolano.<\/p>\n<p>Segundo o Presidente Jo\u00e3o Louren\u00e7o, que falava ap\u00f3s a cerim\u00f3nia de assinatura de 10 acordos de coopera\u00e7\u00e3o, os dois pa\u00edses abrem uma nova era nas rela\u00e7\u00f5es bilaterais, tendo em conta o desenvolvimento econ\u00f3mico.<\/p>\n<p><strong>Linha de Cr\u00e9dito<\/strong><\/p>\n<p>Autoridades angolanas e turcas v\u00e3o negociar uma linha de financiamento para investimentos p\u00fablico-privado e p\u00fablicos.<\/p>\n<p>De acordo com o Chefe de Estado angolano, o investimento privado turco \u00e9 bem-vindo\u00a0\u00e0 todas as \u00e1reas e sectores da economia em que os investidores entenderem existir viabilidade econ\u00f3mica, quer na modalidade de investimento privado com a utiliza\u00e7\u00e3o de recursos pr\u00f3prios, como em parcerias p\u00fablico-privadas, ou na execu\u00e7\u00e3o de empreitadas de infra-estruturas contratadas pelo Estado.<\/p>\n<p>Acrescentou que esta linha de cr\u00e9dito foi solicitada \u00e0s autoridades Turcas e, de modo geral, foi imediatamente aceite, restando agora accionar os mecanismos junto do Eximbank da Turquia.<\/p>\n<p>Em rela\u00e7\u00e3o a este assunto, agradeceu ao Presidente Recep Tayyip Erdogan pelo pragmatismo e rapidez na resposta \u00e0 solicita\u00e7\u00e3o das autoridades angolanas.<\/p>\n<p><strong>Visita de Estado a Angola<\/strong><\/p>\n<p>O Chefe de Estado angolano anunciou ter convidado o seu hom\u00f3logo turco para uma visita oficial a Angola, imediatamente, aceite e marcada para o m\u00eas de Outubro deste ano.<\/p>\n<p>Por sua vez, o Chefe de Estado Turco, Recep Tayyip Erdogan, agradeceu a visita e manifestou-se, igualmente, satisfeito com o \u00eaxito da mesma, o que, no seu entender, ficou sublinhado nos instrumentos jur\u00eddicos rubricados.<\/p>\n<p>As rep\u00fablicas de Angola e da Turquia desenvolvem rela\u00e7\u00f5es bilaterais desde 1980, refor\u00e7adas hoje com a assinatura de 10 acordos de coopera\u00e7\u00e3o.<\/p>\n<p>Trata-se de acordos nos dom\u00ednios do com\u00e9rcio, economia, recursos minerais, transportes, al\u00e9m de aspectos consulares e diplom\u00e1ticos.<\/p>\n<p>&nbsp;<\/p>\n","protected":false},"excerpt":{"rendered":"<p>\u201c\u00c9 inten\u00e7\u00e3o m\u00fatua\u00a0recuperar o tempo perdido e fazer desta visita de Estado a oportunidade para o relan\u00e7amento da coopera\u00e7\u00e3o\u201d, defendeu o estadista angolano. Segundo o Presidente Jo\u00e3o Louren\u00e7o, que falava ap\u00f3s a cerim\u00f3nia de assinatura de 10 acordos de coopera\u00e7\u00e3o, os dois pa\u00edses abrem uma nova era nas rela\u00e7\u00f5es bilaterais, tendo em conta o desenvolvimento [&hellip;]<\/p>\n","protected":false},"author":1,"featured_media":7646,"comment_status":"open","ping_status":"open","sticky":false,"template":"","format":"standard","meta":{"footnotes":""},"categories":[12],"tags":[],"class_list":{"0":"post-7644","1":"post","2":"type-post","3":"status-publish","4":"format-standard","5":"has-post-thumbnail","7":"category-politica-angola"},"amp_enabled":true,"_links":{"self":[{"href":"https:\/\/tvbelas.com\/tvbelas\/wp-json\/wp\/v2\/posts\/7644","targetHints":{"allow":["GET"]}}],"collection":[{"href":"https:\/\/tvbelas.com\/tvbelas\/wp-json\/wp\/v2\/posts"}],"about":[{"href":"https:\/\/tvbelas.com\/tvbelas\/wp-json\/wp\/v2\/types\/post"}],"author":[{"embeddable":true,"href":"https:\/\/tvbelas.com\/tvbelas\/wp-json\/wp\/v2\/users\/1"}],"replies":[{"embeddable":true,"href":"https:\/\/tvbelas.com\/tvbelas\/wp-json\/wp\/v2\/comments?post=7644"}],"version-history":[{"count":0,"href":"https:\/\/tvbelas.com\/tvbelas\/wp-json\/wp\/v2\/posts\/7644\/revisions"}],"wp:featuredmedia":[{"embeddable":true,"href":"https:\/\/tvbelas.com\/tvbelas\/wp-json\/"}],"wp:attachment":[{"href":"https:\/\/tvbelas.com\/tvbelas\/wp-json\/wp\/v2\/media?parent=7644"}],"wp:term":[{"taxonomy":"category","embeddable":true,"href":"https:\/\/tvbelas.com\/tvbelas\/wp-json\/wp\/v2\/categories?post=7644"},{"taxonomy":"post_tag","embeddable":true,"href":"https:\/\/tvbelas.com\/tvbelas\/wp-json\/wp\/v2\/tags?post=7644"}],"curies":[{"name":"wp","href":"https:\/\/api.w.org\/{rel}","templated":true}]}}