{"id":7651,"date":"2021-07-28T08:21:44","date_gmt":"2021-07-28T07:21:44","guid":{"rendered":"http:\/\/tvbelas.com\/tvbelas\/?p=7651"},"modified":"2021-07-28T08:21:44","modified_gmt":"2021-07-28T07:21:44","slug":"o-presidente-da-republica-joao-lourenco-apresenta-oportunidades-de-negocio-a-empresarios-turcos","status":"publish","type":"post","link":"https:\/\/tvbelas.com\/tvbelas\/noticias\/economia-angola\/o-presidente-da-republica-joao-lourenco-apresenta-oportunidades-de-negocio-a-empresarios-turcos\/","title":{"rendered":"O PRESIDENTE DA REP\u00daBLICA JO\u00c3O LOUREN\u00c7O APRESENTA OPORTUNIDADES DE NEG\u00d3CIO A EMPRES\u00c1RIOS TURCOS"},"content":{"rendered":"<p>Durante o evento, a decorrer no centro de confer\u00eancias Ato Congresium, Jo\u00e3o Louren\u00e7o vai dirigir-se ao empresariado turco, para sublinhar o potencial econ\u00f3mico de Angola e as oportunidades de neg\u00f3cio.<\/p>\n<p>Vai reafirmar, tamb\u00e9m,\u00a0o comprometimento do Executivo angolano com o crescimento e desenvolvimento da economia, atrav\u00e9s do sector privado, e as m\u00faltiplas iniciativas\u00a0que t\u00eam vindo a ser desenvolvidas para melhorar o ambiente de neg\u00f3cios.<\/p>\n<p>O\u00a0F\u00f3rum insere-se no programa oficial da visita do Chefe de Estado angolano \u00e0 Turquia\u00a0e constitui uma oportunidade para divulgar, junto da comunidade empresarial turca e dos investidores, o novo ambiente de neg\u00f3cios vigente em Angola.<\/p>\n<p>Serve igualmente para dar \u00eanfase \u00e0s reformas em curso e as pol\u00edticas de apoio ao investimento privado, al\u00e9m da diversifica\u00e7\u00e3o da economia nacional.<\/p>\n<p>Al\u00e9m de Jo\u00e3o Louren\u00e7o, prev\u00ea-se que intervenham no evento o ministro do Com\u00e9rcio da Turquia, Ahmet Mus, o presidente do Conselho de Administra\u00e7\u00e3o da AIPEX, Ant\u00f3nio Henriques da Silva, que dar\u00e1 a conhecer as oportunidades de investimento existentes em Angola.<\/p>\n<p>Participam do evento cerca de uma centena de empresas, angolanas e turcas, dos mais variados ramos, que em breve ir\u00e3o usufruir das vantagens de duas liga\u00e7\u00f5es a\u00e9reas directas semanais entre Luanda e Ancara, atrav\u00e9s da Turkish Airlines.<\/p>\n<p>Dados indicam que, nos \u00faltimos 18 anos, a Turquia aumentou a sua presen\u00e7a em \u00c1frica\u00a0e investiu perto de 100 milh\u00f5es de d\u00f3lares americanos, em 2003, e cerca de USD 6,5 bili\u00f5es em investimento directo, em 2021.<\/p>\n<p>No per\u00edodo de 2003 a 2019, o com\u00e9rcio com \u00c1frica aumentou cerca de cinco vezes, sendo que 51 cidades africanas s\u00e3o agora servidas pela Turkish Airlines, que prev\u00ea iniciar opera\u00e7\u00f5es de voos para Angola.<\/p>\n<p>At\u00e9 \u00e0 presente data, Angola tem registado cerca de USD 200 milh\u00f5es em\u00a0investimentos de origem turca, com destaque para os sectores da minera\u00e7\u00e3o e siderurgia.<\/p>\n<p>A visita do Presidente angolano \u00e0 Turquia vai impulsionar as rela\u00e7\u00f5es\u00a0 econ\u00f3micas entre os dois pa\u00edses e espera-se, a\u00a0m\u00e9dio prazo, um aumento de\u00a0 investimentos turcos em Angola nos sectores considerados priorit\u00e1rios,\u00a0nomeadamente\u00a0ind\u00fastria, minas, energia, turismo,\u00a0transportes e com\u00e9rcio, em que ambos os Estados possuem j\u00e1 fortes liga\u00e7\u00f5es.<\/p>\n<p>A balan\u00e7a comercial entre os dois pa\u00edses \u00e9 desfavor\u00e1vel para Angola. Dados da\u00a0 Administra\u00e7\u00e3o Geral Tribut\u00e1ria (AGT) indicam que, de 2015 a 2020, o pa\u00eds africano realizou importa\u00e7\u00f5es da Turquia no valor de USD 1.702.737.951,00, enquanto\u00a0as Exporta\u00e7\u00f5es no mesmo per\u00edodo foram de\u00a0apenas USD 41.960.419,00.<\/p>\n","protected":false},"excerpt":{"rendered":"<p>Durante o evento, a decorrer no centro de confer\u00eancias Ato Congresium, Jo\u00e3o Louren\u00e7o vai dirigir-se ao empresariado turco, para sublinhar o potencial econ\u00f3mico de Angola e as oportunidades de neg\u00f3cio. Vai reafirmar, tamb\u00e9m,\u00a0o comprometimento do Executivo angolano com o crescimento e desenvolvimento da economia, atrav\u00e9s do sector privado, e as m\u00faltiplas iniciativas\u00a0que t\u00eam vindo a [&hellip;]<\/p>\n","protected":false},"author":1,"featured_media":7653,"comment_status":"open","ping_status":"open","sticky":false,"template":"","format":"standard","meta":{"footnotes":""},"categories":[20],"tags":[],"class_list":{"0":"post-7651","1":"post","2":"type-post","3":"status-publish","4":"format-standard","5":"has-post-thumbnail","7":"category-economia-angola"},"amp_enabled":true,"_links":{"self":[{"href":"https:\/\/tvbelas.com\/tvbelas\/wp-json\/wp\/v2\/posts\/7651","targetHints":{"allow":["GET"]}}],"collection":[{"href":"https:\/\/tvbelas.com\/tvbelas\/wp-json\/wp\/v2\/posts"}],"about":[{"href":"https:\/\/tvbelas.com\/tvbelas\/wp-json\/wp\/v2\/types\/post"}],"author":[{"embeddable":true,"href":"https:\/\/tvbelas.com\/tvbelas\/wp-json\/wp\/v2\/users\/1"}],"replies":[{"embeddable":true,"href":"https:\/\/tvbelas.com\/tvbelas\/wp-json\/wp\/v2\/comments?post=7651"}],"version-history":[{"count":0,"href":"https:\/\/tvbelas.com\/tvbelas\/wp-json\/wp\/v2\/posts\/7651\/revisions"}],"wp:featuredmedia":[{"embeddable":true,"href":"https:\/\/tvbelas.com\/tvbelas\/wp-json\/"}],"wp:attachment":[{"href":"https:\/\/tvbelas.com\/tvbelas\/wp-json\/wp\/v2\/media?parent=7651"}],"wp:term":[{"taxonomy":"category","embeddable":true,"href":"https:\/\/tvbelas.com\/tvbelas\/wp-json\/wp\/v2\/categories?post=7651"},{"taxonomy":"post_tag","embeddable":true,"href":"https:\/\/tvbelas.com\/tvbelas\/wp-json\/wp\/v2\/tags?post=7651"}],"curies":[{"name":"wp","href":"https:\/\/api.w.org\/{rel}","templated":true}]}}