{"id":7792,"date":"2021-08-02T22:03:41","date_gmt":"2021-08-02T21:03:41","guid":{"rendered":"http:\/\/tvbelas.com\/tvbelas\/?p=7792"},"modified":"2021-08-02T22:03:41","modified_gmt":"2021-08-02T21:03:41","slug":"benguela-acolhe-o-acto-central-das-festividades-do-aniversario-de-jonas-savimbi","status":"publish","type":"post","link":"https:\/\/tvbelas.com\/tvbelas\/noticias\/politica-angola\/benguela-acolhe-o-acto-central-das-festividades-do-aniversario-de-jonas-savimbi\/","title":{"rendered":"BENGUELA ACOLHE O ACTO CENTRAL DAS FESTIVIDADES DO ANIVERS\u00c1RIO DE JONAS SAVIMBI"},"content":{"rendered":"<p>Em confer\u00eancia de imprensa, realizada esta segunda-feira, o secret\u00e1rio para Comunica\u00e7\u00e3o e porta-voz da UNITA, Marcial Dachala, anunciou que o acto central das festividades do anivers\u00e1rio de Jonas Savimbi, nascido a 3 de Agosto de 1934, na localidade de Munhango (prov\u00edncia do Bi\u00e9), acontece a 7 do corrente m\u00eas, na prov\u00edncia de Benguela, e sera liderado pelo presidente do partido, Adalberto Costa J\u00fanior.<\/p>\n<p>Segundo Marcial Dachala, cada prov\u00edncia vai realizar as suas actividades, com as devidas adapta\u00e7\u00f5es, em fun\u00e7\u00e3o das especificidades de cada \u00e1rea e as restri\u00e7\u00f5es impostas pela covid-19.<\/p>\n<p>o Secret\u00e1rio para Informa\u00e7\u00e3o Marcial Dachala real\u00e7ou que, por ocasi\u00e3o das comemora\u00e7\u00f5es da data do lider fundador, a UNITA partido reitera o compromisso de continuar a preparar-se para enfrentar e alcan\u00e7ar resultados positivos, nas elei\u00e7\u00f5es gerais de 2022.<\/p>\n<p>Adriano Abel Sapin\u00e3la secret\u00e1rio provincial da UNITA em Benguela, garante que, a prepara\u00e7\u00e3o do acto central em comemora\u00e7\u00e3o as festividades do Lider fundador est\u00e3o a ser feitos ao detalhe, e acrescenta que a popula\u00e7\u00e3o de Benguela e os militantes do seu partidos est\u00e3o Animados para receber Adalberto Costa J\u00fanior presidente UNITA<br \/>\nJonas Savimbi, recorde-se, morreu em combate, a 22 de Fevereiro de 2002, na prov\u00edncia do Moxico.<\/p>\n","protected":false},"excerpt":{"rendered":"<p>Em confer\u00eancia de imprensa, realizada esta segunda-feira, o secret\u00e1rio para Comunica\u00e7\u00e3o e porta-voz da UNITA, Marcial Dachala, anunciou que o acto central das festividades do anivers\u00e1rio de Jonas Savimbi, nascido a 3 de Agosto de 1934, na localidade de Munhango (prov\u00edncia do Bi\u00e9), acontece a 7 do corrente m\u00eas, na prov\u00edncia de Benguela, e sera [&hellip;]<\/p>\n","protected":false},"author":1,"featured_media":7794,"comment_status":"open","ping_status":"open","sticky":false,"template":"","format":"gallery","meta":{"footnotes":""},"categories":[12],"tags":[],"class_list":{"0":"post-7792","1":"post","2":"type-post","3":"status-publish","4":"format-gallery","5":"has-post-thumbnail","7":"category-politica-angola","8":"post_format-post-format-gallery"},"amp_enabled":true,"_links":{"self":[{"href":"https:\/\/tvbelas.com\/tvbelas\/wp-json\/wp\/v2\/posts\/7792","targetHints":{"allow":["GET"]}}],"collection":[{"href":"https:\/\/tvbelas.com\/tvbelas\/wp-json\/wp\/v2\/posts"}],"about":[{"href":"https:\/\/tvbelas.com\/tvbelas\/wp-json\/wp\/v2\/types\/post"}],"author":[{"embeddable":true,"href":"https:\/\/tvbelas.com\/tvbelas\/wp-json\/wp\/v2\/users\/1"}],"replies":[{"embeddable":true,"href":"https:\/\/tvbelas.com\/tvbelas\/wp-json\/wp\/v2\/comments?post=7792"}],"version-history":[{"count":0,"href":"https:\/\/tvbelas.com\/tvbelas\/wp-json\/wp\/v2\/posts\/7792\/revisions"}],"wp:featuredmedia":[{"embeddable":true,"href":"https:\/\/tvbelas.com\/tvbelas\/wp-json\/"}],"wp:attachment":[{"href":"https:\/\/tvbelas.com\/tvbelas\/wp-json\/wp\/v2\/media?parent=7792"}],"wp:term":[{"taxonomy":"category","embeddable":true,"href":"https:\/\/tvbelas.com\/tvbelas\/wp-json\/wp\/v2\/categories?post=7792"},{"taxonomy":"post_tag","embeddable":true,"href":"https:\/\/tvbelas.com\/tvbelas\/wp-json\/wp\/v2\/tags?post=7792"}],"curies":[{"name":"wp","href":"https:\/\/api.w.org\/{rel}","templated":true}]}}