{"id":7856,"date":"2021-08-06T23:09:08","date_gmt":"2021-08-06T22:09:08","guid":{"rendered":"http:\/\/tvbelas.com\/tvbelas\/?p=7856"},"modified":"2021-08-06T23:09:08","modified_gmt":"2021-08-06T22:09:08","slug":"adalberto-costa-junior-ativa-modo-savimbe-e-deixa-a-populacao-de-benguela-com-esperanca-de-uma-angola-diferente","status":"publish","type":"post","link":"https:\/\/tvbelas.com\/tvbelas\/noticias\/politica-angola\/adalberto-costa-junior-ativa-modo-savimbe-e-deixa-a-populacao-de-benguela-com-esperanca-de-uma-angola-diferente\/","title":{"rendered":"ADALBERTO COSTA J\u00daNIOR ATIVA MODO SAVIMBE E DEIXA A POPULA\u00c7\u00c3O DE BENGUELA COM ESPERAN\u00c7A DE UMA ANGOLA DIFERENTE"},"content":{"rendered":"<p>Recep\u00e7\u00e3o calorosa acontece em v\u00e9spera do auto central, em comemora\u00e7\u00e3o os 87 anos das festividades do anivers\u00e1rio de Jonas Savimbi, nascido a 3 de Agosto de 1934, na localidade de Munhango (prov\u00edncia do Bi\u00e9), acontece neste s\u00e1bado, na prov\u00edncia de Benguela, com a lideran\u00e7a de Adalberto Costa J\u00fanior presidente da UNITA<br \/>\nAdalberto Costa J\u00fanior, foi recebido calorosamente pela Popula\u00e7\u00e3o local, ouvia-se gritos de Alegria na chegada do presidente do Galo Negro naquela zona do pais<\/p>\n<p>Adriano Abel Sapin\u00e3la secret\u00e1rio provincial da UNITA em Benguela, garante que, a prepara\u00e7\u00e3o do acto central em comemora\u00e7\u00e3o as festividades do L\u00edder fundador ser\u00e1 uma verdadeira, e acrescenta que a popula\u00e7\u00e3o de Benguela e os militantes do seu partidos est\u00e3o Animados para receber e ouvir Adalberto Costa J\u00fanior presidente UNITA<br \/>\nJonas Savimbi, recorde-se, morreu em combate, a 22 de Fevereiro de 2002, na prov\u00edncia do Moxico.<br \/>\nEm Actualiza\u00e7\u00e3o\u2026<\/p>\n","protected":false},"excerpt":{"rendered":"<p>Recep\u00e7\u00e3o calorosa acontece em v\u00e9spera do auto central, em comemora\u00e7\u00e3o os 87 anos das festividades do anivers\u00e1rio de Jonas Savimbi, nascido a 3 de Agosto de 1934, na localidade de Munhango (prov\u00edncia do Bi\u00e9), acontece neste s\u00e1bado, na prov\u00edncia de Benguela, com a lideran\u00e7a de Adalberto Costa J\u00fanior presidente da UNITA Adalberto Costa J\u00fanior, foi [&hellip;]<\/p>\n","protected":false},"author":1,"featured_media":7858,"comment_status":"open","ping_status":"open","sticky":false,"template":"","format":"gallery","meta":{"footnotes":""},"categories":[12],"tags":[],"class_list":{"0":"post-7856","1":"post","2":"type-post","3":"status-publish","4":"format-gallery","5":"has-post-thumbnail","7":"category-politica-angola","8":"post_format-post-format-gallery"},"amp_enabled":true,"_links":{"self":[{"href":"https:\/\/tvbelas.com\/tvbelas\/wp-json\/wp\/v2\/posts\/7856","targetHints":{"allow":["GET"]}}],"collection":[{"href":"https:\/\/tvbelas.com\/tvbelas\/wp-json\/wp\/v2\/posts"}],"about":[{"href":"https:\/\/tvbelas.com\/tvbelas\/wp-json\/wp\/v2\/types\/post"}],"author":[{"embeddable":true,"href":"https:\/\/tvbelas.com\/tvbelas\/wp-json\/wp\/v2\/users\/1"}],"replies":[{"embeddable":true,"href":"https:\/\/tvbelas.com\/tvbelas\/wp-json\/wp\/v2\/comments?post=7856"}],"version-history":[{"count":0,"href":"https:\/\/tvbelas.com\/tvbelas\/wp-json\/wp\/v2\/posts\/7856\/revisions"}],"wp:featuredmedia":[{"embeddable":true,"href":"https:\/\/tvbelas.com\/tvbelas\/wp-json\/"}],"wp:attachment":[{"href":"https:\/\/tvbelas.com\/tvbelas\/wp-json\/wp\/v2\/media?parent=7856"}],"wp:term":[{"taxonomy":"category","embeddable":true,"href":"https:\/\/tvbelas.com\/tvbelas\/wp-json\/wp\/v2\/categories?post=7856"},{"taxonomy":"post_tag","embeddable":true,"href":"https:\/\/tvbelas.com\/tvbelas\/wp-json\/wp\/v2\/tags?post=7856"}],"curies":[{"name":"wp","href":"https:\/\/api.w.org\/{rel}","templated":true}]}}