{"id":7878,"date":"2021-08-08T21:28:10","date_gmt":"2021-08-08T20:28:10","guid":{"rendered":"http:\/\/tvbelas.com\/tvbelas\/?p=7878"},"modified":"2021-08-08T21:28:10","modified_gmt":"2021-08-08T20:28:10","slug":"unita-em-luanda-festaja-0s-87-anos-do-lider-fundador-no-cazenga","status":"publish","type":"post","link":"https:\/\/tvbelas.com\/tvbelas\/noticias\/politica-angola\/unita-em-luanda-festaja-0s-87-anos-do-lider-fundador-no-cazenga\/","title":{"rendered":"UNITA EM LUANDA FESTAJA 0S 87 ANOS DO L\u00cdDER FUNDADOR NO CAZENGA."},"content":{"rendered":"<p>O secretariado provincial da UNITA em Luanda, comemorou no passado s\u00e1bado os 87 anos das festividades do anivers\u00e1rio de Jonas Savimbi, nascido a 3 de Agosto de 1934, na localidade de Munhango (prov\u00edncia do Bi\u00e9), o munic\u00edpio do cazenga acolheu as festividades natal\u00edcia do seu l\u00edder fundador Jonas Savimbi em Luanda<\/p>\n<p>Com esp\u00edrito de muangai\u00a0 Nelito Ekuikui conhecido por \u00a0tirar, o sono aos seus advers\u00e1rios pol\u00edticos, o secretario provincial da UNITA em Luanda, mas uma vez mostrou que o povo de luanda esta com a UNITA.<\/p>\n<p>Acompanhado pelos militantes do seu partido, numa intensa jornada de contacto directo com as popula\u00e7\u00f5es, \u00a0alusivo ao aniversario natal\u00edcio do seu patrono Jonas Malheiros Savimbi, considerado por muitos o pai da democracia Angolana Nelito EkuiKui levou consigo \u00a0mensagem de esperan\u00e7a e f\u00e9 para a constru\u00e7\u00e3o de um amanh\u00e3 pr\u00f3spero.<\/p>\n<p>Secret\u00e1rio Provincial \u00a0do galo negro Luanda, Teceu ainda durante as comemora\u00e7\u00f5es dos 87 anos do l\u00edder fundador do partido. \u00a0Nos os \u00a0angolanos e a UNITA devemos desculpas ao Jonas Savimbi por ser uma pessoa \u00fanica e dos poucos que lutou at\u00e9 ao fim da sua vida, em prol do seu Povo \u00a0e da p\u00e1tria<\/p>\n<p>Na ocasi\u00e3o o Secret\u00e1rio Provincial \u00a0da \u00a0UNITA em luanda, Nelito Ekuikui quando discursava juntos do militantes daquele partido, acuso o partido que governa Angola de n\u00e3o honrar com as promessas, e raptar a comunica\u00e7\u00e3o social publica para diabolizar o seu partido.<\/p>\n<p>Nelito Ekuikui acusa ainda o presidente da republica e do MPLA em fazer turismo e a gastar os dinheiros p\u00fablicos, em vez de atrair empres\u00e1rios internacionais para diversifica\u00e7\u00e3o da economia.<\/p>\n<p>No final Nelito Ekuikui secret\u00e1rio provincial do UNITA EM Luanda, \u00a0garantiu que Angola s\u00f3 ser\u00e1 Pais, quando UNITA assumir o Poder e Adalberto Costa J\u00fanior \u00a0ser o presidente de Angola.<\/p>\n<p>Lembrar que o Acto central em comemora\u00e7\u00e3o aos 87 anos do l\u00edder fundador da UNITA Jonas Savimbi, aconteceu na provincial de Benguela onde Adalberto Costa J\u00fanior foi Recebido de Forma Calorosa pela popula\u00e7\u00e3o local.<\/p>\n","protected":false},"excerpt":{"rendered":"<p>O secretariado provincial da UNITA em Luanda, comemorou no passado s\u00e1bado os 87 anos das festividades do anivers\u00e1rio de Jonas Savimbi, nascido a 3 de Agosto de 1934, na localidade de Munhango (prov\u00edncia do Bi\u00e9), o munic\u00edpio do cazenga acolheu as festividades natal\u00edcia do seu l\u00edder fundador Jonas Savimbi em Luanda Com esp\u00edrito de muangai\u00a0 [&hellip;]<\/p>\n","protected":false},"author":1,"featured_media":7888,"comment_status":"open","ping_status":"open","sticky":false,"template":"","format":"gallery","meta":{"footnotes":""},"categories":[12],"tags":[],"class_list":{"0":"post-7878","1":"post","2":"type-post","3":"status-publish","4":"format-gallery","5":"has-post-thumbnail","7":"category-politica-angola","8":"post_format-post-format-gallery"},"amp_enabled":true,"_links":{"self":[{"href":"https:\/\/tvbelas.com\/tvbelas\/wp-json\/wp\/v2\/posts\/7878","targetHints":{"allow":["GET"]}}],"collection":[{"href":"https:\/\/tvbelas.com\/tvbelas\/wp-json\/wp\/v2\/posts"}],"about":[{"href":"https:\/\/tvbelas.com\/tvbelas\/wp-json\/wp\/v2\/types\/post"}],"author":[{"embeddable":true,"href":"https:\/\/tvbelas.com\/tvbelas\/wp-json\/wp\/v2\/users\/1"}],"replies":[{"embeddable":true,"href":"https:\/\/tvbelas.com\/tvbelas\/wp-json\/wp\/v2\/comments?post=7878"}],"version-history":[{"count":0,"href":"https:\/\/tvbelas.com\/tvbelas\/wp-json\/wp\/v2\/posts\/7878\/revisions"}],"wp:featuredmedia":[{"embeddable":true,"href":"https:\/\/tvbelas.com\/tvbelas\/wp-json\/"}],"wp:attachment":[{"href":"https:\/\/tvbelas.com\/tvbelas\/wp-json\/wp\/v2\/media?parent=7878"}],"wp:term":[{"taxonomy":"category","embeddable":true,"href":"https:\/\/tvbelas.com\/tvbelas\/wp-json\/wp\/v2\/categories?post=7878"},{"taxonomy":"post_tag","embeddable":true,"href":"https:\/\/tvbelas.com\/tvbelas\/wp-json\/wp\/v2\/tags?post=7878"}],"curies":[{"name":"wp","href":"https:\/\/api.w.org\/{rel}","templated":true}]}}