{"id":7927,"date":"2021-08-11T07:41:29","date_gmt":"2021-08-11T06:41:29","guid":{"rendered":"http:\/\/tvbelas.com\/tvbelas\/?p=7927"},"modified":"2021-08-11T07:41:29","modified_gmt":"2021-08-11T06:41:29","slug":"inter-clube-muda-de-equipa-tecnica-e-contrata-beto-bianchi-que-regressa-ao-girabola","status":"publish","type":"post","link":"https:\/\/tvbelas.com\/tvbelas\/noticias\/desporto\/inter-clube-muda-de-equipa-tecnica-e-contrata-beto-bianchi-que-regressa-ao-girabola\/","title":{"rendered":"INTER CLUBE MUDA DE EQUIPA T\u00c9CNICA E CONTRATA BETO BIANCHI QUE REGRESSA AO GIRABOLA."},"content":{"rendered":"<p>O hispano &#8211; brasileiro Beto Bianchi \u00e9 o novo treinador da equipa s\u00e9nior masculina de futebol do Interclube por duas \u00e9pocas, ap\u00f3s ter orientado o Petro de Luanda no per\u00edodo de 2015 a 2019.<br \/>\nO treinador, que falava \u00e0 Angop, nesta ter\u00e7a-feira, via Facebook, afirmou que o objectivo n\u00e3o foi espec\u00edfico no acto da assinatura do contrato, mas que trabalhar\u00e1 para a melhoria do 6\u00ba lugar alcan\u00e7ado no Campeonato Nacional da primeira divis\u00e3o terminado recentemente.<br \/>\nO substituto do portugu\u00eas Ivo Campos explicou que chega \u00e0 capital do pais no pr\u00f3ximo dia 15 para no dia seguinte dar inicio aos trabalhos da pr\u00e9-\u00e9poca.<br \/>\nTrata-se do regresso do t\u00e9cnico ao pa\u00eds, depois de ter liderado o Petro de Luanda no per\u00edodo de 2015 a 2019, bem como a selec\u00e7\u00e3o nacional \u201cPalancas Negras\u201d em 2017, na fase de apuramento ao CAN, disputado nos Camar\u00f5es, em 2019.<br \/>\nBeto Bianchi venceu a Ta\u00e7a de Angola em 2017, ao servi\u00e7o do Petro de Luanda.<br \/>\nO director para o futebol do clube do Rocha Pinto, Belmiro Carmelino, contactado igualmente pela Angop, confirmou o v\u00ednculo entre as partes.<br \/>\nAcrescentou que o clube da pol\u00edcia abordou o treinador nos \u00faltimos tempos para que este viesse a conduzir os destinos da agremia\u00e7\u00e3o por duas temporadas.<\/p>\n<p>O Interclube \u00e9 o campe\u00e3o do Girabola 2007 e 2010. Conquistou tr\u00eas ta\u00e7as de Angola (1986, 2003 e 2011), al\u00e9m de ter chegado \u00e0 meia-final da Ta\u00e7a da Confedera\u00e7\u00e3o Africana (Ta\u00e7a CAF) em 2011 com Oliveira Gon\u00e7alves no comando.<\/p>\n","protected":false},"excerpt":{"rendered":"<p>O hispano &#8211; brasileiro Beto Bianchi \u00e9 o novo treinador da equipa s\u00e9nior masculina de futebol do Interclube por duas \u00e9pocas, ap\u00f3s ter orientado o Petro de Luanda no per\u00edodo de 2015 a 2019. O treinador, que falava \u00e0 Angop, nesta ter\u00e7a-feira, via Facebook, afirmou que o objectivo n\u00e3o foi espec\u00edfico no acto da assinatura [&hellip;]<\/p>\n","protected":false},"author":1,"featured_media":7929,"comment_status":"open","ping_status":"open","sticky":false,"template":"","format":"standard","meta":{"footnotes":""},"categories":[19],"tags":[],"class_list":{"0":"post-7927","1":"post","2":"type-post","3":"status-publish","4":"format-standard","5":"has-post-thumbnail","7":"category-desporto"},"amp_enabled":true,"_links":{"self":[{"href":"https:\/\/tvbelas.com\/tvbelas\/wp-json\/wp\/v2\/posts\/7927","targetHints":{"allow":["GET"]}}],"collection":[{"href":"https:\/\/tvbelas.com\/tvbelas\/wp-json\/wp\/v2\/posts"}],"about":[{"href":"https:\/\/tvbelas.com\/tvbelas\/wp-json\/wp\/v2\/types\/post"}],"author":[{"embeddable":true,"href":"https:\/\/tvbelas.com\/tvbelas\/wp-json\/wp\/v2\/users\/1"}],"replies":[{"embeddable":true,"href":"https:\/\/tvbelas.com\/tvbelas\/wp-json\/wp\/v2\/comments?post=7927"}],"version-history":[{"count":0,"href":"https:\/\/tvbelas.com\/tvbelas\/wp-json\/wp\/v2\/posts\/7927\/revisions"}],"wp:featuredmedia":[{"embeddable":true,"href":"https:\/\/tvbelas.com\/tvbelas\/wp-json\/"}],"wp:attachment":[{"href":"https:\/\/tvbelas.com\/tvbelas\/wp-json\/wp\/v2\/media?parent=7927"}],"wp:term":[{"taxonomy":"category","embeddable":true,"href":"https:\/\/tvbelas.com\/tvbelas\/wp-json\/wp\/v2\/categories?post=7927"},{"taxonomy":"post_tag","embeddable":true,"href":"https:\/\/tvbelas.com\/tvbelas\/wp-json\/wp\/v2\/tags?post=7927"}],"curies":[{"name":"wp","href":"https:\/\/api.w.org\/{rel}","templated":true}]}}