{"id":7934,"date":"2021-08-11T07:48:49","date_gmt":"2021-08-11T06:48:49","guid":{"rendered":"http:\/\/tvbelas.com\/tvbelas\/?p=7934"},"modified":"2021-08-11T07:48:49","modified_gmt":"2021-08-11T06:48:49","slug":"psg-anunciou-finalmente-a-contratacao-de-lionel-messi-que-vai-vestir-a-camisola-com-o-numero-30","status":"publish","type":"post","link":"https:\/\/tvbelas.com\/tvbelas\/noticias\/desporto\/psg-anunciou-finalmente-a-contratacao-de-lionel-messi-que-vai-vestir-a-camisola-com-o-numero-30\/","title":{"rendered":"PSG ANUNCIOU FINALMENTE  A CONTRATA\u00c7\u00c3O DE LIONEL MESSI QUE VAI VESTIR A CAMISOLA COM O NUMERO 30"},"content":{"rendered":"<p>Um novo diamante em Paris. Foi assim que o PSG anunciou oficialmente Lionel Messi como novo refor\u00e7o do clube. O argentino, eleito o melhor jogador do mundo seis vezes, teve sua contrata\u00e7\u00e3o confirmada pelos parisienses nesta ter\u00e7a-feira, inicio da noite em Fran\u00e7a, ap\u00f3s uma negocia\u00e7\u00e3o breve que foi fechada nas \u00faltimas horas. O astro chega com um contrato de dois anos, at\u00e9 2023, renov\u00e1vel por mais um.<br \/>\n&#8211; Estou ansioso para come\u00e7ar um novo cap\u00edtulo da minha carreira em Paris. O clube e a sua vis\u00e3o est\u00e3o em perfeita harmonia com as minhas ambi\u00e7\u00f5es. Conhe\u00e7o os talentosos jogadores e a comiss\u00e3o t\u00e9cnica. Estou determinado a construir, junto a eles, algo grande para o clube e os torcedores. N\u00e3o vejo a hora de pisar o relvado do do Parque dos Pr\u00edncipes \u2014 declarou Messi, em comunicado oficial do PSG.<br \/>\nOutra declara\u00e7\u00e3o \u00e9 do presidente do clube frances e citamos:<br \/>\n\u2014 Estou encantado que Messi escolheu se juntar ao Paris Saint-Germain, e estamos orgulhosos de receb\u00ea-lo em Paris, com a sua fam\u00edlia. Ele n\u00e3o escondeu o seu desejo de continuar evoluindo no mais alto n\u00edvel e ganhando trof\u00e9us. A ambi\u00e7\u00e3o do clube \u00e9 id\u00eantica. A adi\u00e7\u00e3o de Leo ao nosso time de classe mundial confirma a relev\u00e2ncia e o sucesso do nosso recrutamento \u2014 disse o presidente do PSG, Nasser Al-Khela\u00effi.<br \/>\nO sal\u00e1rio de Messi, de acordo com diversos ve\u00edculos europeus, rondaria os 35 milh\u00f5es de euros (l\u00edquidos, com b\u00f4nus inclu\u00eddos. As altas cifras colocariam o argentino no n\u00edvel salarial de Neymar, representando o \u00fanico investimento do PSG na contrata\u00e7\u00e3o \u2014 uma vez que o craque estava livre para assinar um novo contrato, ap\u00f3s seu v\u00ednculo com o Barcelona expirar em junho.<br \/>\nNo PSG, Messi far\u00e1 parte de um elenco que conta com diversas estrelas h\u00e1 alguns anos e ganhou ainda mais refor\u00e7os de peso para a temporada 2021\/22. Ele jogar\u00e1 ao lado do amigo e ex-companheiro Neymar num ataque que ainda conta com Mbapp\u00e9, podendo iniciar com o brasileiro um novo trio hist\u00f3rico, depois de brilharem ao lado de Luis Su\u00e1rez no Barcelona, conquistando a Champions de 2014\/15.<br \/>\nMessi \u00e9 o quinto refor\u00e7o do PSG para a nova temporada. O clube j\u00e1 havia confirmado as contrata\u00e7\u00f5es do guarda redes Italiano Donnarumma, do defesa Sergio Ramos, do lateral Hakimi e do medio holandes Wijnaldum &#8211; al\u00e9m de confirmar a compra do medio Danilo Pereira, que havia chegado ao clube em 2020 por emprestimo do Porto.<br \/>\nAl\u00e9m das estrelas, o craque ter\u00e1 ao seu lado companheiros que podem facilitar a adapta\u00e7\u00e3o: o elenco conta com os argentinos Paredes, Di Mar\u00eda e Icardi, al\u00e9m do t\u00e9cnico Mauricio Pochettino, que tamb\u00e9m nasceu em Ros\u00e1rio, mesma cidade-natal de Messi.<br \/>\nAos 34 anos, Messi tem uma cole\u00e7\u00e3o invej\u00e1vel de ta\u00e7as na carreira e pretende aument\u00e1-la no PSG, equipa que vem de uma sequ\u00eancia de temporadas amargas, sendo vice da Champions em 2020 tendo csaido na semifinal em 2021, al\u00e9m de perder o t\u00edtulo franc\u00eas para o Lille, na temporada passada.<br \/>\nLionel Messi se despediu do Barcelona depois de mais de 20 anos no clube, 17 como jogador profissional, marcou 672 gols e anotou 268 assist\u00eancias em 778 jogos oficiais com a camisola do Bar\u00e7a. Ao todo, o argentino conquistou 35 t\u00edtulos com a camisa da equipe catal\u00e3, dentre eles quatro edi\u00e7\u00f5es da Liga dos Campe\u00f5es e 10 do Campeonato Espanhol.<\/p>\n<p>&nbsp;<\/p>\n","protected":false},"excerpt":{"rendered":"<p>Um novo diamante em Paris. Foi assim que o PSG anunciou oficialmente Lionel Messi como novo refor\u00e7o do clube. O argentino, eleito o melhor jogador do mundo seis vezes, teve sua contrata\u00e7\u00e3o confirmada pelos parisienses nesta ter\u00e7a-feira, inicio da noite em Fran\u00e7a, ap\u00f3s uma negocia\u00e7\u00e3o breve que foi fechada nas \u00faltimas horas. O astro chega [&hellip;]<\/p>\n","protected":false},"author":1,"featured_media":7938,"comment_status":"open","ping_status":"open","sticky":false,"template":"","format":"gallery","meta":{"footnotes":""},"categories":[19],"tags":[],"class_list":{"0":"post-7934","1":"post","2":"type-post","3":"status-publish","4":"format-gallery","5":"has-post-thumbnail","7":"category-desporto","8":"post_format-post-format-gallery"},"amp_enabled":true,"_links":{"self":[{"href":"https:\/\/tvbelas.com\/tvbelas\/wp-json\/wp\/v2\/posts\/7934","targetHints":{"allow":["GET"]}}],"collection":[{"href":"https:\/\/tvbelas.com\/tvbelas\/wp-json\/wp\/v2\/posts"}],"about":[{"href":"https:\/\/tvbelas.com\/tvbelas\/wp-json\/wp\/v2\/types\/post"}],"author":[{"embeddable":true,"href":"https:\/\/tvbelas.com\/tvbelas\/wp-json\/wp\/v2\/users\/1"}],"replies":[{"embeddable":true,"href":"https:\/\/tvbelas.com\/tvbelas\/wp-json\/wp\/v2\/comments?post=7934"}],"version-history":[{"count":0,"href":"https:\/\/tvbelas.com\/tvbelas\/wp-json\/wp\/v2\/posts\/7934\/revisions"}],"wp:featuredmedia":[{"embeddable":true,"href":"https:\/\/tvbelas.com\/tvbelas\/wp-json\/"}],"wp:attachment":[{"href":"https:\/\/tvbelas.com\/tvbelas\/wp-json\/wp\/v2\/media?parent=7934"}],"wp:term":[{"taxonomy":"category","embeddable":true,"href":"https:\/\/tvbelas.com\/tvbelas\/wp-json\/wp\/v2\/categories?post=7934"},{"taxonomy":"post_tag","embeddable":true,"href":"https:\/\/tvbelas.com\/tvbelas\/wp-json\/wp\/v2\/tags?post=7934"}],"curies":[{"name":"wp","href":"https:\/\/api.w.org\/{rel}","templated":true}]}}