{"id":7957,"date":"2021-08-12T19:56:07","date_gmt":"2021-08-12T18:56:07","guid":{"rendered":"http:\/\/tvbelas.com\/tvbelas\/?p=7957"},"modified":"2021-08-12T19:56:07","modified_gmt":"2021-08-12T18:56:07","slug":"fernando-malo-e-um-vendedor-de-banha-de-cobra-e-sabichao-e-que-deve-ser-desmascarado","status":"publish","type":"post","link":"https:\/\/tvbelas.com\/tvbelas\/noticias\/desporto\/fernando-malo-e-um-vendedor-de-banha-de-cobra-e-sabichao-e-que-deve-ser-desmascarado\/","title":{"rendered":"FERNANDO MAL\u00d3 \u00c9 UM VENDEDOR DE BANHA DE COBRA E SABICH\u00c3O E QUE DEVE SER DESMASCARADO"},"content":{"rendered":"<p>Mariano de Almeida, atira-se contra Franco Mal\u00f3 por este, desvalorizar o lend\u00e1rio Paulo Bunze, para Mariano, o comentador da r\u00e1dio 5, e antigo jogador de Andebol, n\u00e3o\u00a0 tem compet\u00eancias, para falar daquele, que \u00e9 considerado por muitos, o \u00edcone do Andebol nacional.<br \/>\nMariano de Almeida, mostrou indignado, e a partir da sua conta do Facebook, escreveu o seguinte: \u00e9 com espanto e surpresa ouvi esta manh\u00e3 e mais uma vez um tal de Fernando Franco(Mal\u00f3) dizer que Paulo Bunze quando chegou ao Clube Primeiro de Agosto n\u00e3o sabia jogar Andebol, escreveu Mariano de Almeida.<br \/>\nO antigo jogador de Andebol, e amigo do lend\u00e1rio Paulo Bunze, acrescentou que, mesmo a ser contestado por um colega(s) de painel, o sabich\u00e3o que atende pelo pseud\u00f4nimo Mal\u00f4, Sem pudor e respeito aos feitos e mem\u00f3ria do m\u00edtico Paulo Bunze insistiu perent\u00f3riamente que o famoso Rei do Cabritos(PB)s\u00f3 sabia jogar Futebol.<br \/>\nPara mariano de Almeida \u00c9 verdade que Paulo Bunze era um ex\u00edmio executante de futebol raz\u00e3o pela qual era conhecido por Rei dos Cabritos. escreve ainda mariano de Almeida na sua conta do Facebook, que conheceu de facto o Paulito(Paulo Bunze),sabe do amor e paix\u00e3o que nutria pelo Andebol e que aos 15 anos de idade j\u00e1 era considerado um pr\u00e9 destinado para o Andebol. Ainda com idade Juvenil J\u00fanior o PB fruto das elevada qualidade inteligente motora e fenomenal jinga j\u00e1 arrastava multid\u00f5es de f\u00e3s\/estudantes das escolas Ind\u00fastrial Oliveira Salazar ex: Bula Matadi e depois Makarenco e da Escola Comercial Vicente Ferreira depois Primeiro de Maio.<br \/>\nSegundo Mariano de Almeida, em 1976 esteve com o Paulo Bunze no Sporting de Luanda, quando Mariano vinha do Futebol Clube de Luanda e Paulo Bunze do Ferroviario.na altura foram treinados por Jos\u00e9 Cardoso de Lima.<br \/>\nNesta passagem pelo Sporting de Luanda, encontrei por l\u00e1 o actual Presidente da Federa\u00e7\u00e3o ANGOLANA de Andebol, o Jos\u00e9 Amaral(Maninho),A Palmira Barbosa e os irm\u00e3os Eus\u00e9bio e Nelson, netos do velho Rego e primos do Maninho escreveu mariano<br \/>\nComo podem constatar os nomes acima REFERENCIADOS ainda est\u00e3o vivos e podem testemunhar que o tal de Mal\u00f3 \u00e9 um vendedor de Banha de cobra.<\/p>\n<p>O Paulo Bunze quando chega ao primeiro de agosto j\u00e1 era um vulto para o Andebol, j\u00e1 era um fen\u00f4meno.<br \/>\nTanto que o PB consciente das suas qualidades andebol\u00edsticas declinou uma convocat\u00f3ria para a pr\u00e9 sele\u00e7\u00e3o de juniores de Futebol, preferindo ficar no andebol onde viria logo a seguir a ser convocado para a sele\u00e7\u00e3o de Andebol de onde nunca mais saiu.<br \/>\nA dado passo o tal de Mal\u00f3 diz que o Paulo Bunze andava colado a ele. Pura mentira, O Paulo tinha os amigos no Bungo(A fam\u00edlia Almeida, o Moreira, o DA Guin\u00ea, Bayacu, o Manuel, o Jos\u00e9 Jos\u00e9 Ant\u00f3nio Coxe )s\u00f3 para citar estes.<\/p>\n<p>Paulo Bunze Nascido aos 04 de Fevereiro de 1961, foi considerad\u00ado melhor jogador africano em 1985, na prova continenta\u00adl que Angola acolheu (ent\u00e3o designada Ta\u00e7a Marien Ngouabi). Ao longo de uma brilhante carreira, o antigo meia-dist\u00e2ncia do .\u00ba de Agosto, passou pelo o Benfica, transferindo-se depois para o Restelo.<br \/>\nPaulo Ap\u00f3s terminar a carreira como jogador, iniciou uma outra como t\u00e9cnico adjunto da equipa feminina do Rio Seco e da selec\u00e7\u00e3o nacional masculina.<\/p>\n","protected":false},"excerpt":{"rendered":"<p>Mariano de Almeida, atira-se contra Franco Mal\u00f3 por este, desvalorizar o lend\u00e1rio Paulo Bunze, para Mariano, o comentador da r\u00e1dio 5, e antigo jogador de Andebol, n\u00e3o\u00a0 tem compet\u00eancias, para falar daquele, que \u00e9 considerado por muitos, o \u00edcone do Andebol nacional. Mariano de Almeida, mostrou indignado, e a partir da sua conta do Facebook, [&hellip;]<\/p>\n","protected":false},"author":1,"featured_media":7959,"comment_status":"open","ping_status":"open","sticky":false,"template":"","format":"standard","meta":{"footnotes":""},"categories":[19],"tags":[],"class_list":{"0":"post-7957","1":"post","2":"type-post","3":"status-publish","4":"format-standard","5":"has-post-thumbnail","7":"category-desporto"},"amp_enabled":true,"_links":{"self":[{"href":"https:\/\/tvbelas.com\/tvbelas\/wp-json\/wp\/v2\/posts\/7957","targetHints":{"allow":["GET"]}}],"collection":[{"href":"https:\/\/tvbelas.com\/tvbelas\/wp-json\/wp\/v2\/posts"}],"about":[{"href":"https:\/\/tvbelas.com\/tvbelas\/wp-json\/wp\/v2\/types\/post"}],"author":[{"embeddable":true,"href":"https:\/\/tvbelas.com\/tvbelas\/wp-json\/wp\/v2\/users\/1"}],"replies":[{"embeddable":true,"href":"https:\/\/tvbelas.com\/tvbelas\/wp-json\/wp\/v2\/comments?post=7957"}],"version-history":[{"count":0,"href":"https:\/\/tvbelas.com\/tvbelas\/wp-json\/wp\/v2\/posts\/7957\/revisions"}],"wp:featuredmedia":[{"embeddable":true,"href":"https:\/\/tvbelas.com\/tvbelas\/wp-json\/"}],"wp:attachment":[{"href":"https:\/\/tvbelas.com\/tvbelas\/wp-json\/wp\/v2\/media?parent=7957"}],"wp:term":[{"taxonomy":"category","embeddable":true,"href":"https:\/\/tvbelas.com\/tvbelas\/wp-json\/wp\/v2\/categories?post=7957"},{"taxonomy":"post_tag","embeddable":true,"href":"https:\/\/tvbelas.com\/tvbelas\/wp-json\/wp\/v2\/tags?post=7957"}],"curies":[{"name":"wp","href":"https:\/\/api.w.org\/{rel}","templated":true}]}}