{"id":7965,"date":"2021-08-12T20:46:49","date_gmt":"2021-08-12T19:46:49","guid":{"rendered":"http:\/\/tvbelas.com\/tvbelas\/?p=7965"},"modified":"2021-08-12T20:46:49","modified_gmt":"2021-08-12T19:46:49","slug":"manuel-aragao-deixa-a-presidencia-do-tribunal-constitucional","status":"publish","type":"post","link":"https:\/\/tvbelas.com\/tvbelas\/noticias\/politica-angola\/manuel-aragao-deixa-a-presidencia-do-tribunal-constitucional\/","title":{"rendered":"MANUEL ARAG\u00c3O DEIXA A PRESID\u00caNCIA DO TRIBUNAL CONSTITUCIONAL"},"content":{"rendered":"<p>Manuel Arag\u00e3o vai cessar fun\u00e7\u00f5es como Presidente do Tribunal Constitucional.<br \/>\nSegundo uma nota da Casa Civil do Presidente da Rep\u00fablica d\u00e1 conta que Manuel Arag\u00e3o manifestou junto ao Presidente da rep\u00fablica, Jo\u00e3o Manuel\u00a0 Gon\u00e7alves Louren\u00e7o o desejo de cessar as suas fun\u00e7\u00f5es enquanto Presidente do Tribunal Constitucional.<br \/>\nSegundo uma nota em que, a TVBELAS teve acesso, Jo\u00e3o Louren\u00e7o aceitou o pedido de Manuel Arag\u00e3o.<\/p>\n<p>Manuel Arag\u00e3o, pediu renuncia do cargo, dois dias depois de ter apresentado declara\u00e7\u00e3o de voto vencido e de se ter demarcado &#8220;da maioria das decis\u00f5es&#8221; constantes no ac\u00f3rd\u00e3o que aprovou a revis\u00e3o constitucional, alertando para o &#8220;suic\u00eddio do Estado democr\u00e1tico de direito&#8221; ao admitir-se hierarquia entre tribunais superiores.<\/p>\n<p>Manuel Arag\u00e3o, nasceu a 4 de Abril de 1950, Manuel , Antes de ingressar na magistratura, Manuel Arag\u00e3o foi embaixador na Argentina e no Reino do Marrocos.<\/p>\n<p>Licenciado em Direito pela Faculdade de Direito da Universidade Agostinho Neto, ocupou as fun\u00e7\u00f5es de vice-ministro da Justi\u00e7a (1992-2004) e ministro da Justi\u00e7a (2004-2008).<\/p>\n<p>O Tribunal Constitucional \u00e9 o \u00f3rg\u00e3o da jurisdi\u00e7\u00e3o constitucional competente para administrar a Justi\u00e7a em mat\u00e9ria de natureza jur\u00eddico-constitucional e \u00e9\u00a0composto por 11 ju\u00edzes conselheiros.<\/p>\n<p>Lembrar que, Manuel Arag\u00e3o foi nomeado presidente do Tribunal Constitucional pelo presidente da Rep\u00fablica, a 23 de Novembro de 2017.<\/p>\n","protected":false},"excerpt":{"rendered":"<p>Manuel Arag\u00e3o vai cessar fun\u00e7\u00f5es como Presidente do Tribunal Constitucional. Segundo uma nota da Casa Civil do Presidente da Rep\u00fablica d\u00e1 conta que Manuel Arag\u00e3o manifestou junto ao Presidente da rep\u00fablica, Jo\u00e3o Manuel\u00a0 Gon\u00e7alves Louren\u00e7o o desejo de cessar as suas fun\u00e7\u00f5es enquanto Presidente do Tribunal Constitucional. Segundo uma nota em que, a TVBELAS teve [&hellip;]<\/p>\n","protected":false},"author":1,"featured_media":7967,"comment_status":"open","ping_status":"open","sticky":false,"template":"","format":"standard","meta":{"footnotes":""},"categories":[12],"tags":[],"class_list":{"0":"post-7965","1":"post","2":"type-post","3":"status-publish","4":"format-standard","5":"has-post-thumbnail","7":"category-politica-angola"},"amp_enabled":true,"_links":{"self":[{"href":"https:\/\/tvbelas.com\/tvbelas\/wp-json\/wp\/v2\/posts\/7965","targetHints":{"allow":["GET"]}}],"collection":[{"href":"https:\/\/tvbelas.com\/tvbelas\/wp-json\/wp\/v2\/posts"}],"about":[{"href":"https:\/\/tvbelas.com\/tvbelas\/wp-json\/wp\/v2\/types\/post"}],"author":[{"embeddable":true,"href":"https:\/\/tvbelas.com\/tvbelas\/wp-json\/wp\/v2\/users\/1"}],"replies":[{"embeddable":true,"href":"https:\/\/tvbelas.com\/tvbelas\/wp-json\/wp\/v2\/comments?post=7965"}],"version-history":[{"count":0,"href":"https:\/\/tvbelas.com\/tvbelas\/wp-json\/wp\/v2\/posts\/7965\/revisions"}],"wp:featuredmedia":[{"embeddable":true,"href":"https:\/\/tvbelas.com\/tvbelas\/wp-json\/"}],"wp:attachment":[{"href":"https:\/\/tvbelas.com\/tvbelas\/wp-json\/wp\/v2\/media?parent=7965"}],"wp:term":[{"taxonomy":"category","embeddable":true,"href":"https:\/\/tvbelas.com\/tvbelas\/wp-json\/wp\/v2\/categories?post=7965"},{"taxonomy":"post_tag","embeddable":true,"href":"https:\/\/tvbelas.com\/tvbelas\/wp-json\/wp\/v2\/tags?post=7965"}],"curies":[{"name":"wp","href":"https:\/\/api.w.org\/{rel}","templated":true}]}}