{"id":7991,"date":"2021-08-14T08:57:04","date_gmt":"2021-08-14T07:57:04","guid":{"rendered":"http:\/\/tvbelas.com\/tvbelas\/?p=7991"},"modified":"2021-08-14T08:57:04","modified_gmt":"2021-08-14T07:57:04","slug":"mais-dois-andebolistas-angolanos-rumam-para-clubes-na-romenia-gabriel-teca-em-masculinos-e-magda-cazanga-em-femininos","status":"publish","type":"post","link":"https:\/\/tvbelas.com\/tvbelas\/noticias\/desporto\/mais-dois-andebolistas-angolanos-rumam-para-clubes-na-romenia-gabriel-teca-em-masculinos-e-magda-cazanga-em-femininos\/","title":{"rendered":"MAIS DOIS ANDEBOLISTAS ANGOLANOS RUMAM PARA CLUBES NA ROM\u00c9NIA, GABRIEL TECA EM MASCULINOS E MAGDA CAZANGA EM FEMININOS."},"content":{"rendered":"<p>O piv\u00f4 Gabriel Massuca Teca, da equipa s\u00e9nior masculina de andebol do 1\u00ba de Agosto, assinou um contrato com o CS Baia Mar\u00e9 da Rom\u00e9nia.<br \/>\nNos \u00faltimos anos, o internacional angolano, de 30 anos de idade, recebeu outras propostas de forma\u00e7\u00f5es europeias, sem nunca terem terminado em acordo.<br \/>\nTitular indiscut\u00edvel no emblema do \u201cRI20, Tecas j\u00e1 representou o pa\u00eds em dois Campeonatos do Mundo de s\u00e9nior e em quatro Campeonatos Africanos.<br \/>\nTrata-se do segundo atleta do 1\u00ba de Agosto a rumar para a Rom\u00e9nia, depois de Rom\u00e9 Hebo, que representa o D\u00ednamo de Bucareste, desde 2019.<\/p>\n<p>Em femininos a internacional angolana Magda Cazanga regressa ao continente europeu para representar o clube Stiinta de Bucaresti da Rom\u00e9nia, com o qual rubricou um contrato para os pr\u00f3ximos tr\u00eas anos.<br \/>\nAp\u00f3s ter estado ao servi\u00e7o do Balo Mano Salud da Espanha, emblema com a qual rescindiu o contrato em Mar\u00e7o \u00faltimo, por incumprimentos financeiros da parte contratante, Magda Cazanga regressou ao pa\u00eds e ingressou no seu antigo clube, o Petro de Luanda.<br \/>\nA jogadora, de 30 anos de idade, foi influente na conquista do Campeonato Nacional e Ta\u00e7a de Angola pelos tricolores, na \u00faltima temporada.<br \/>\nNo \u00faltimo m\u00eas, a tricampe\u00e3 africana (Luanda\/2016, Brazzaville\/2018 e Yaound\u00e9\/2021) esteve ao servi\u00e7o da Selec\u00e7\u00e3o Nacional, nos Jogos Ol\u00edmpicos de T\u00f3quio\u00b42020, no Jap\u00e3o.<br \/>\nO campeonato romeno conta com uma outra andebolista angolana, a pivot Albertina Cassoma, que joga no Rapid CS de Bucareste.<\/p>\n","protected":false},"excerpt":{"rendered":"<p>O piv\u00f4 Gabriel Massuca Teca, da equipa s\u00e9nior masculina de andebol do 1\u00ba de Agosto, assinou um contrato com o CS Baia Mar\u00e9 da Rom\u00e9nia. Nos \u00faltimos anos, o internacional angolano, de 30 anos de idade, recebeu outras propostas de forma\u00e7\u00f5es europeias, sem nunca terem terminado em acordo. Titular indiscut\u00edvel no emblema do \u201cRI20, Tecas [&hellip;]<\/p>\n","protected":false},"author":1,"featured_media":7993,"comment_status":"open","ping_status":"open","sticky":false,"template":"","format":"gallery","meta":{"footnotes":""},"categories":[19],"tags":[],"class_list":{"0":"post-7991","1":"post","2":"type-post","3":"status-publish","4":"format-gallery","5":"has-post-thumbnail","7":"category-desporto","8":"post_format-post-format-gallery"},"amp_enabled":true,"_links":{"self":[{"href":"https:\/\/tvbelas.com\/tvbelas\/wp-json\/wp\/v2\/posts\/7991","targetHints":{"allow":["GET"]}}],"collection":[{"href":"https:\/\/tvbelas.com\/tvbelas\/wp-json\/wp\/v2\/posts"}],"about":[{"href":"https:\/\/tvbelas.com\/tvbelas\/wp-json\/wp\/v2\/types\/post"}],"author":[{"embeddable":true,"href":"https:\/\/tvbelas.com\/tvbelas\/wp-json\/wp\/v2\/users\/1"}],"replies":[{"embeddable":true,"href":"https:\/\/tvbelas.com\/tvbelas\/wp-json\/wp\/v2\/comments?post=7991"}],"version-history":[{"count":0,"href":"https:\/\/tvbelas.com\/tvbelas\/wp-json\/wp\/v2\/posts\/7991\/revisions"}],"wp:featuredmedia":[{"embeddable":true,"href":"https:\/\/tvbelas.com\/tvbelas\/wp-json\/"}],"wp:attachment":[{"href":"https:\/\/tvbelas.com\/tvbelas\/wp-json\/wp\/v2\/media?parent=7991"}],"wp:term":[{"taxonomy":"category","embeddable":true,"href":"https:\/\/tvbelas.com\/tvbelas\/wp-json\/wp\/v2\/categories?post=7991"},{"taxonomy":"post_tag","embeddable":true,"href":"https:\/\/tvbelas.com\/tvbelas\/wp-json\/wp\/v2\/tags?post=7991"}],"curies":[{"name":"wp","href":"https:\/\/api.w.org\/{rel}","templated":true}]}}