{"id":8071,"date":"2021-08-18T21:25:00","date_gmt":"2021-08-18T20:25:00","guid":{"rendered":"http:\/\/tvbelas.com\/tvbelas\/?p=8071"},"modified":"2021-08-18T21:25:00","modified_gmt":"2021-08-18T20:25:00","slug":"unita-reafirma-cacuaco-como-a-segunda-jamba-e-garante-vitoria-em-2022","status":"publish","type":"post","link":"https:\/\/tvbelas.com\/tvbelas\/noticias\/politica-angola\/unita-reafirma-cacuaco-como-a-segunda-jamba-e-garante-vitoria-em-2022\/","title":{"rendered":"UNITA REAFIRMA CACUACO COMO A SEGUNDA JAMBA E GARANTE VIT\u00d3RIA EM 2022"},"content":{"rendered":"<p>O secret\u00e1rio Provincial da UNITA em Luanda, realizou nesta quarta-feira as jornadas de campo, e uma passeata com o objectivo \u00fanico de mobilizar as bases e a sociedade em geral, a unirem-se pela grande caravana para altern\u00e2ncia politica, e apoio total ao seu Presidente Adalberto Costa J\u00fanior.<br \/>\nAcompanhado pelos militantes, o secret\u00e1rio provincial da UNITA em Luanda, foi recebido calorosamente, com abra\u00e7os fraternais e di\u00e1logos muitos saud\u00e1veis.<br \/>\nNa interven\u00e7\u00e3o, do alto mandat\u00e1rio da UNITA em Luanda, afirmou que, o partido fundado por Jonas Savimbi est\u00e1 com Adalberto Costa J\u00fanior, e que o mesmo ser\u00e1 o candidato para altern\u00e2ncia em 2022 e resto \u00e9 mesmo s\u00f3 divers\u00e3o, para tentar destabilizar o partido.<br \/>\nsegundo os membros do galo negro afirmam, sem medo de errar que, Hoje podemos com ousadia afirmar que o n\u00edvel de simpatia que congregamos em Cacuaco sempre tivemos em outros munic\u00edpios de Luanda.<br \/>\nFicou mais do que claro, o compromisso com a UNITA, \u00e9 mais do que isso a responsabilidade patri\u00f3tica o pacto nacional de mudarmos Angola em 2022.<br \/>\nNa referida actividade estiveram presentes , membros da JURA, LIMA, e o secretariado provincial da UNITA em Luanda.<\/p>\n","protected":false},"excerpt":{"rendered":"<p>O secret\u00e1rio Provincial da UNITA em Luanda, realizou nesta quarta-feira as jornadas de campo, e uma passeata com o objectivo \u00fanico de mobilizar as bases e a sociedade em geral, a unirem-se pela grande caravana para altern\u00e2ncia politica, e apoio total ao seu Presidente Adalberto Costa J\u00fanior. Acompanhado pelos militantes, o secret\u00e1rio provincial da UNITA [&hellip;]<\/p>\n","protected":false},"author":1,"featured_media":8089,"comment_status":"open","ping_status":"open","sticky":false,"template":"","format":"gallery","meta":{"footnotes":""},"categories":[12],"tags":[],"class_list":{"0":"post-8071","1":"post","2":"type-post","3":"status-publish","4":"format-gallery","5":"has-post-thumbnail","7":"category-politica-angola","8":"post_format-post-format-gallery"},"amp_enabled":true,"_links":{"self":[{"href":"https:\/\/tvbelas.com\/tvbelas\/wp-json\/wp\/v2\/posts\/8071","targetHints":{"allow":["GET"]}}],"collection":[{"href":"https:\/\/tvbelas.com\/tvbelas\/wp-json\/wp\/v2\/posts"}],"about":[{"href":"https:\/\/tvbelas.com\/tvbelas\/wp-json\/wp\/v2\/types\/post"}],"author":[{"embeddable":true,"href":"https:\/\/tvbelas.com\/tvbelas\/wp-json\/wp\/v2\/users\/1"}],"replies":[{"embeddable":true,"href":"https:\/\/tvbelas.com\/tvbelas\/wp-json\/wp\/v2\/comments?post=8071"}],"version-history":[{"count":0,"href":"https:\/\/tvbelas.com\/tvbelas\/wp-json\/wp\/v2\/posts\/8071\/revisions"}],"wp:featuredmedia":[{"embeddable":true,"href":"https:\/\/tvbelas.com\/tvbelas\/wp-json\/"}],"wp:attachment":[{"href":"https:\/\/tvbelas.com\/tvbelas\/wp-json\/wp\/v2\/media?parent=8071"}],"wp:term":[{"taxonomy":"category","embeddable":true,"href":"https:\/\/tvbelas.com\/tvbelas\/wp-json\/wp\/v2\/categories?post=8071"},{"taxonomy":"post_tag","embeddable":true,"href":"https:\/\/tvbelas.com\/tvbelas\/wp-json\/wp\/v2\/tags?post=8071"}],"curies":[{"name":"wp","href":"https:\/\/api.w.org\/{rel}","templated":true}]}}