{"id":8113,"date":"2021-08-20T22:57:15","date_gmt":"2021-08-20T21:57:15","guid":{"rendered":"http:\/\/tvbelas.com\/tvbelas\/?p=8113"},"modified":"2021-08-20T22:57:15","modified_gmt":"2021-08-20T21:57:15","slug":"otchiva-a-eterna-defensora-dos-mangais","status":"publish","type":"post","link":"https:\/\/tvbelas.com\/tvbelas\/noticias\/sociedade\/otchiva-a-eterna-defensora-dos-mangais\/","title":{"rendered":"OTCHIVA A ETERNA DEFENSORA DOS MANGAIS"},"content":{"rendered":"<p>Quando o assunto \u00e9 colocar a m\u00e3o na massa, Angola n\u00e3o brinca em servi\u00e7o.<br \/>\nNa semana consagrada aos Mangais, Angola bateu o record no que a planta\u00e7\u00e3o de mangues diz respeito.<br \/>\nForam 104 mil plantados no dia 31 de Julho de 2021, no culminar de uma actividade que marcou a semana mundial dos Mangais, cuja data \u00e9 26 de Julho.<br \/>\nA actividade contou com mais de 600 participantes, entre efectivos da pol\u00edcia nacional, em especial da Rede de Mulheres Pol\u00edcias, efectivos das for\u00e7as armadas angolanas, membros da Otchiva e volunt\u00e1rios. Foram plantados na comunidade do Tapo aos Ramiros, mais de 100 mil mangues, no culminar da semana que assinalou o dia mundial dos Mangais, que Angola acolheu, sob o lema: Usando o cr\u00e9dito de carbono como ferramenta para promover a gest\u00e3o sustent\u00e1vel dos Mangais.<\/p>\n","protected":false},"excerpt":{"rendered":"<p>Quando o assunto \u00e9 colocar a m\u00e3o na massa, Angola n\u00e3o brinca em servi\u00e7o. Na semana consagrada aos Mangais, Angola bateu o record no que a planta\u00e7\u00e3o de mangues diz respeito. Foram 104 mil plantados no dia 31 de Julho de 2021, no culminar de uma actividade que marcou a semana mundial dos Mangais, cuja [&hellip;]<\/p>\n","protected":false},"author":1,"featured_media":8118,"comment_status":"open","ping_status":"open","sticky":false,"template":"","format":"gallery","meta":{"footnotes":""},"categories":[15],"tags":[],"class_list":{"0":"post-8113","1":"post","2":"type-post","3":"status-publish","4":"format-gallery","5":"has-post-thumbnail","7":"category-sociedade","8":"post_format-post-format-gallery"},"amp_enabled":true,"_links":{"self":[{"href":"https:\/\/tvbelas.com\/tvbelas\/wp-json\/wp\/v2\/posts\/8113","targetHints":{"allow":["GET"]}}],"collection":[{"href":"https:\/\/tvbelas.com\/tvbelas\/wp-json\/wp\/v2\/posts"}],"about":[{"href":"https:\/\/tvbelas.com\/tvbelas\/wp-json\/wp\/v2\/types\/post"}],"author":[{"embeddable":true,"href":"https:\/\/tvbelas.com\/tvbelas\/wp-json\/wp\/v2\/users\/1"}],"replies":[{"embeddable":true,"href":"https:\/\/tvbelas.com\/tvbelas\/wp-json\/wp\/v2\/comments?post=8113"}],"version-history":[{"count":0,"href":"https:\/\/tvbelas.com\/tvbelas\/wp-json\/wp\/v2\/posts\/8113\/revisions"}],"wp:featuredmedia":[{"embeddable":true,"href":"https:\/\/tvbelas.com\/tvbelas\/wp-json\/"}],"wp:attachment":[{"href":"https:\/\/tvbelas.com\/tvbelas\/wp-json\/wp\/v2\/media?parent=8113"}],"wp:term":[{"taxonomy":"category","embeddable":true,"href":"https:\/\/tvbelas.com\/tvbelas\/wp-json\/wp\/v2\/categories?post=8113"},{"taxonomy":"post_tag","embeddable":true,"href":"https:\/\/tvbelas.com\/tvbelas\/wp-json\/wp\/v2\/tags?post=8113"}],"curies":[{"name":"wp","href":"https:\/\/api.w.org\/{rel}","templated":true}]}}