{"id":8224,"date":"2021-08-31T20:56:54","date_gmt":"2021-08-31T19:56:54","guid":{"rendered":"http:\/\/tvbelas.com\/tvbelas\/?p=8224"},"modified":"2021-08-31T20:56:54","modified_gmt":"2021-08-31T19:56:54","slug":"ano-lectivo-2021-2022-escolas-abrem-portas","status":"publish","type":"post","link":"https:\/\/tvbelas.com\/tvbelas\/noticias\/sociedade\/ano-lectivo-2021-2022-escolas-abrem-portas\/","title":{"rendered":"ANO LECTIVO 2021\/2022 ESCOLAS ABREM PORTAS"},"content":{"rendered":"<p>Para o presente ano lectivo, o Executivo colocou \u00e0 disposi\u00e7\u00e3o da comunidade estudantil 654 novas escolas constru\u00eddas no quadro do Plano Integrado de Interven\u00e7\u00e3o nos Munic\u00edpios (PIIM).<\/p>\n<p>Trata-se, no total, de 515 escolas do ensino prim\u00e1rio e139 dos I e II ciclos do ensino secund\u00e1rio.<\/p>\n<p>O calend\u00e1rio escolar, no que concerne ao subsistema de educa\u00e7\u00e3o pr\u00e9-escolar, compreende 46 semanas, que 41 semanas lectivas que equivalem a 196 dias de aulas.<\/p>\n<p>Para os subsistemas do ensino secund\u00e1rio geral, educa\u00e7\u00e3o de jovens e adultos, ensino secund\u00e1rio t\u00e9cnico-profissional e ensino secund\u00e1rio pedag\u00f3gico, o calend\u00e1rio escolar compreende, igualmente, 46semanas, as quais correspondem a 39 semanas lectivas, que equivalem a 180 dias de aulas.<\/p>\n<p>O calend\u00e1rio reserva, em m\u00e9dia, 20 dias \u00fateis para a avalia\u00e7\u00e3o do rendimento escolar em cada um dos trimestres, por ser exequ\u00edvel a calendariza\u00e7\u00e3o de uma ou duas provas por dia, conforme o coeficiente de fadiga que as diferentes disciplinas podem provocar.<\/p>\n<p>O mesmo per\u00edodo permite ainda que se efectue a classifica\u00e7\u00e3o, a recolha, o registo e a an\u00e1lise das informa\u00e7\u00f5es qualitativas.<\/p>\n<p>Em cada trimestre\/per\u00edodo, est\u00e1 prevista a avalia\u00e7\u00e3o do rendimento educativo no subsistema de educa\u00e7\u00e3o pr\u00e9-escolar e, para os subsistemas de ensino secund\u00e1rio geral, educa\u00e7\u00e3o de jovens e adultos, ensino secund\u00e1rio t\u00e9cnico-profissional e secund\u00e1rio pedag\u00f3gico, enquanto durar a pandemia, as provas do professor no I, II e III trimestres ser\u00e3o substitu\u00eddas pela avalia\u00e7\u00e3o cont\u00ednua.<\/p>\n<p>Est\u00e3o previstas provas trimestrais no I, II e III trimestres, assim como os exames de aptid\u00e3o profissional e os exames orais e escritos no III trimestre.<\/p>\n<p>O sistema de ensino ser\u00e1 assegurado por mais de 210.674 mil docentes, em todo o pa\u00eds, em em mais de 14 mil escolas.<\/p>\n","protected":false},"excerpt":{"rendered":"<p>Para o presente ano lectivo, o Executivo colocou \u00e0 disposi\u00e7\u00e3o da comunidade estudantil 654 novas escolas constru\u00eddas no quadro do Plano Integrado de Interven\u00e7\u00e3o nos Munic\u00edpios (PIIM). Trata-se, no total, de 515 escolas do ensino prim\u00e1rio e139 dos I e II ciclos do ensino secund\u00e1rio. O calend\u00e1rio escolar, no que concerne ao subsistema de educa\u00e7\u00e3o [&hellip;]<\/p>\n","protected":false},"author":1,"featured_media":8226,"comment_status":"open","ping_status":"open","sticky":false,"template":"","format":"standard","meta":{"footnotes":""},"categories":[15],"tags":[],"class_list":{"0":"post-8224","1":"post","2":"type-post","3":"status-publish","4":"format-standard","5":"has-post-thumbnail","7":"category-sociedade"},"amp_enabled":true,"_links":{"self":[{"href":"https:\/\/tvbelas.com\/tvbelas\/wp-json\/wp\/v2\/posts\/8224","targetHints":{"allow":["GET"]}}],"collection":[{"href":"https:\/\/tvbelas.com\/tvbelas\/wp-json\/wp\/v2\/posts"}],"about":[{"href":"https:\/\/tvbelas.com\/tvbelas\/wp-json\/wp\/v2\/types\/post"}],"author":[{"embeddable":true,"href":"https:\/\/tvbelas.com\/tvbelas\/wp-json\/wp\/v2\/users\/1"}],"replies":[{"embeddable":true,"href":"https:\/\/tvbelas.com\/tvbelas\/wp-json\/wp\/v2\/comments?post=8224"}],"version-history":[{"count":0,"href":"https:\/\/tvbelas.com\/tvbelas\/wp-json\/wp\/v2\/posts\/8224\/revisions"}],"wp:featuredmedia":[{"embeddable":true,"href":"https:\/\/tvbelas.com\/tvbelas\/wp-json\/"}],"wp:attachment":[{"href":"https:\/\/tvbelas.com\/tvbelas\/wp-json\/wp\/v2\/media?parent=8224"}],"wp:term":[{"taxonomy":"category","embeddable":true,"href":"https:\/\/tvbelas.com\/tvbelas\/wp-json\/wp\/v2\/categories?post=8224"},{"taxonomy":"post_tag","embeddable":true,"href":"https:\/\/tvbelas.com\/tvbelas\/wp-json\/wp\/v2\/tags?post=8224"}],"curies":[{"name":"wp","href":"https:\/\/api.w.org\/{rel}","templated":true}]}}