{"id":8228,"date":"2021-08-31T21:02:22","date_gmt":"2021-08-31T20:02:22","guid":{"rendered":"http:\/\/tvbelas.com\/tvbelas\/?p=8228"},"modified":"2021-08-31T21:02:22","modified_gmt":"2021-08-31T20:02:22","slug":"maiores-de-18-anos-poderao-votar-com-bi-nas-eleioes-de-2022","status":"publish","type":"post","link":"https:\/\/tvbelas.com\/tvbelas\/noticias\/politica-angola\/maiores-de-18-anos-poderao-votar-com-bi-nas-eleioes-de-2022\/","title":{"rendered":"MAIORES DE 18 ANOS PODER\u00c3O VOTAR COM BI NAS ELEI\u00d5ES DE 2022"},"content":{"rendered":"<p>No final da reuni\u00e3o do Conselho de Ministros, que aprovou o per\u00edodo de actualiza\u00e7\u00e3o do Registo Eleitoral Oficioso, Marcy Lopes explicou \u00e0 imprensa que o cidad\u00e3o dever\u00e1 deslocar-se com o BI ao Balc\u00e3o \u00danico de Atendimento da sua zona de resid\u00eancia e actualizar os seus dados.<\/p>\n<p>Acrescentou que esse procedimento vai permitir a Comiss\u00e3o Nacional Eleitoral (CNE) indicar o local de voto.<\/p>\n<p>\u201cA ideia geral \u00e9 fazer a descontinuidade do cart\u00e3o de eleitor, para que o cidad\u00e3o exer\u00e7a o direito de voto apenas com a apresenta\u00e7\u00e3o do Bilhete de Identidade. Por for\u00e7a da Constitui\u00e7\u00e3o e da Lei do Registo Eleitoral, passa a ser oficioso mediante a disponibilidade na base de dados das informa\u00e7\u00f5es do BI dos cidad\u00e3os que completem\u00a018 anos de idade no dia das elei\u00e7\u00f5es\u201d, referiu.<\/p>\n<p>O governante disse, igualmente, que a primeira fase do registo oficioso vai decorrer entre finais de Setembro pr\u00f3ximo a Dezembro deste ano e a segunda de Janeiro a Mar\u00e7o de 2022. Este processo vai incluir o cadastramento dos cidad\u00e3os nacionais nas miss\u00f5es diplom\u00e1ticas e consulares.<\/p>\n<p>Salientou que o Executivo vai continuar a promover campanhas de massifica\u00e7\u00e3o do Bilhete de Identidade, que ser\u00e3o estendidas \u00e0s localidades rec\u00f4nditas do pa\u00eds.<\/p>\n<p><strong>M\u00e9dia 12 para acesso ao professorado<\/strong><\/p>\n<p>Os candidatos aos cursos de forma\u00e7\u00e3o de professores dos ensinos\u00a0secund\u00e1rio e superior dever\u00e3o ter doravante uma m\u00e9dia m\u00ednima de 12 valores, contra os 14 anteriormente exigidos, segundo decis\u00e3o tomada esta ter\u00e7a-feira pelo Conselho de Ministros.<\/p>\n<p>De acordo com a ministra do Ensino Superior, Ci\u00eancia, Tecnologia e Inova\u00e7\u00e3o, Maria do Ros\u00e1rio Sambo, \u00a0o Executivo decidiu baixar a m\u00e9dia de 14 para 12 valores como m\u00e9dia exigida.<\/p>\n<p>Explicou que a exig\u00eancia de m\u00e9dia\u00a0de\u00a0 14 valores, e positivas nas disciplinas de matem\u00e1tica, portugu\u00eas e de especialidade no ensino precedente, provocou a redu\u00e7\u00e3o de cinco a seis vezes do n\u00famero de candidatos, inviabilizando alguns cursos.<\/p>\n<p>Apesar da redu\u00e7\u00e3o da m\u00e9dia exigida, afirmou, os candidatos devem sujeitar-se ao exame nacional, mantendo a obriga\u00e7\u00e3o de ter nota positiva nas disciplinas de especialidade.<\/p>\n<p>Maria Sambo disse que o Conselho de Ministros aprovou, igualmente, os estatutos org\u00e2nicos de dez universidades e oito institutos p\u00fablicos, e estabeleceu o modo de prover os seus \u00f3rg\u00e3os reitores mediante elei\u00e7\u00f5es<\/p>\n","protected":false},"excerpt":{"rendered":"<p>No final da reuni\u00e3o do Conselho de Ministros, que aprovou o per\u00edodo de actualiza\u00e7\u00e3o do Registo Eleitoral Oficioso, Marcy Lopes explicou \u00e0 imprensa que o cidad\u00e3o dever\u00e1 deslocar-se com o BI ao Balc\u00e3o \u00danico de Atendimento da sua zona de resid\u00eancia e actualizar os seus dados. Acrescentou que esse procedimento vai permitir a Comiss\u00e3o Nacional [&hellip;]<\/p>\n","protected":false},"author":1,"featured_media":8230,"comment_status":"open","ping_status":"open","sticky":false,"template":"","format":"standard","meta":{"footnotes":""},"categories":[12],"tags":[],"class_list":{"0":"post-8228","1":"post","2":"type-post","3":"status-publish","4":"format-standard","5":"has-post-thumbnail","7":"category-politica-angola"},"amp_enabled":true,"_links":{"self":[{"href":"https:\/\/tvbelas.com\/tvbelas\/wp-json\/wp\/v2\/posts\/8228","targetHints":{"allow":["GET"]}}],"collection":[{"href":"https:\/\/tvbelas.com\/tvbelas\/wp-json\/wp\/v2\/posts"}],"about":[{"href":"https:\/\/tvbelas.com\/tvbelas\/wp-json\/wp\/v2\/types\/post"}],"author":[{"embeddable":true,"href":"https:\/\/tvbelas.com\/tvbelas\/wp-json\/wp\/v2\/users\/1"}],"replies":[{"embeddable":true,"href":"https:\/\/tvbelas.com\/tvbelas\/wp-json\/wp\/v2\/comments?post=8228"}],"version-history":[{"count":0,"href":"https:\/\/tvbelas.com\/tvbelas\/wp-json\/wp\/v2\/posts\/8228\/revisions"}],"wp:featuredmedia":[{"embeddable":true,"href":"https:\/\/tvbelas.com\/tvbelas\/wp-json\/"}],"wp:attachment":[{"href":"https:\/\/tvbelas.com\/tvbelas\/wp-json\/wp\/v2\/media?parent=8228"}],"wp:term":[{"taxonomy":"category","embeddable":true,"href":"https:\/\/tvbelas.com\/tvbelas\/wp-json\/wp\/v2\/categories?post=8228"},{"taxonomy":"post_tag","embeddable":true,"href":"https:\/\/tvbelas.com\/tvbelas\/wp-json\/wp\/v2\/tags?post=8228"}],"curies":[{"name":"wp","href":"https:\/\/api.w.org\/{rel}","templated":true}]}}