{"id":8397,"date":"2021-09-21T16:38:52","date_gmt":"2021-09-21T15:38:52","guid":{"rendered":"http:\/\/tvbelas.com\/tvbelas\/?p=8397"},"modified":"2021-09-21T16:38:52","modified_gmt":"2021-09-21T15:38:52","slug":"cidadao-de-30-anos-mata-filho-por-crenca-religiosa-em-luanda","status":"publish","type":"post","link":"https:\/\/tvbelas.com\/tvbelas\/noticias\/sociedade\/cidadao-de-30-anos-mata-filho-por-crenca-religiosa-em-luanda\/","title":{"rendered":"CIDAD\u00c3O DE 30 ANOS MATA FILHO POR CREN\u00c7A RELIGIOSA EM LUANDA"},"content":{"rendered":"<p>Um cidad\u00e3o de 30 anos de idade matou, nesta segunda-feira, o filho, no distrito urbano do Zango, munic\u00edpio de Viana, em Luanda, alegadamente por estar a cumprir uma orienta\u00e7\u00e3o de Deus.<\/p>\n<p>O porta-voz do comando provincial de Luanda da Pol\u00edcia Nacional, Nestor Goubel, que falava \u00e0 R\u00e1dio Viana afeto ao grupo RNA, considerou o acto de barbaridade, classificando o autor como sendo um fan\u00e1tico.<\/p>\n<p>O porta-voz do comando provincial de Luanda, Nestor Goubel ,informou, por outro lado, que o cidad\u00e3o, solteiro de 30 anos de idade, j\u00e1 est\u00e1 detido e ser\u00e1 apresentado ao Minist\u00e9rio P\u00fablico.<\/p>\n<p>N\u00e3o foi revelada a idade do malogrado.<\/p>\n<p>Na opini\u00e3o de uma psic\u00f3loga cl\u00ednica, disse ser anormal esta pr\u00e1tica criminosa e que o mesmo deve ser levado a uma psiquiatra para a devida avalia\u00e7\u00e3o.<\/p>\n<p>Fonte: RNA<\/p>\n<p>&nbsp;<\/p>\n","protected":false},"excerpt":{"rendered":"<p>Um cidad\u00e3o de 30 anos de idade matou, nesta segunda-feira, o filho, no distrito urbano do Zango, munic\u00edpio de Viana, em Luanda, alegadamente por estar a cumprir uma orienta\u00e7\u00e3o de Deus. O porta-voz do comando provincial de Luanda da Pol\u00edcia Nacional, Nestor Goubel, que falava \u00e0 R\u00e1dio Viana afeto ao grupo RNA, considerou o acto [&hellip;]<\/p>\n","protected":false},"author":1,"featured_media":8399,"comment_status":"open","ping_status":"open","sticky":false,"template":"","format":"standard","meta":{"footnotes":""},"categories":[15],"tags":[],"class_list":{"0":"post-8397","1":"post","2":"type-post","3":"status-publish","4":"format-standard","5":"has-post-thumbnail","7":"category-sociedade"},"amp_enabled":true,"_links":{"self":[{"href":"https:\/\/tvbelas.com\/tvbelas\/wp-json\/wp\/v2\/posts\/8397","targetHints":{"allow":["GET"]}}],"collection":[{"href":"https:\/\/tvbelas.com\/tvbelas\/wp-json\/wp\/v2\/posts"}],"about":[{"href":"https:\/\/tvbelas.com\/tvbelas\/wp-json\/wp\/v2\/types\/post"}],"author":[{"embeddable":true,"href":"https:\/\/tvbelas.com\/tvbelas\/wp-json\/wp\/v2\/users\/1"}],"replies":[{"embeddable":true,"href":"https:\/\/tvbelas.com\/tvbelas\/wp-json\/wp\/v2\/comments?post=8397"}],"version-history":[{"count":0,"href":"https:\/\/tvbelas.com\/tvbelas\/wp-json\/wp\/v2\/posts\/8397\/revisions"}],"wp:featuredmedia":[{"embeddable":true,"href":"https:\/\/tvbelas.com\/tvbelas\/wp-json\/"}],"wp:attachment":[{"href":"https:\/\/tvbelas.com\/tvbelas\/wp-json\/wp\/v2\/media?parent=8397"}],"wp:term":[{"taxonomy":"category","embeddable":true,"href":"https:\/\/tvbelas.com\/tvbelas\/wp-json\/wp\/v2\/categories?post=8397"},{"taxonomy":"post_tag","embeddable":true,"href":"https:\/\/tvbelas.com\/tvbelas\/wp-json\/wp\/v2\/tags?post=8397"}],"curies":[{"name":"wp","href":"https:\/\/api.w.org\/{rel}","templated":true}]}}