{"id":8401,"date":"2021-09-21T17:14:59","date_gmt":"2021-09-21T16:14:59","guid":{"rendered":"http:\/\/tvbelas.com\/tvbelas\/?p=8401"},"modified":"2021-09-21T17:14:59","modified_gmt":"2021-09-21T16:14:59","slug":"secretario-geral-unita-leva-mensagem-da-mudanca-no-icolo-e-bengo","status":"publish","type":"post","link":"https:\/\/tvbelas.com\/tvbelas\/noticias\/politica-angola\/secretario-geral-unita-leva-mensagem-da-mudanca-no-icolo-e-bengo\/","title":{"rendered":"SECRET\u00c1RIO GERAL  UNITA  LEVA MENSAGEM DA MUDAN\u00c7A AO ICOLO E BENGO"},"content":{"rendered":"<p>A Delega\u00e7\u00e3o chefiada pelo Secreta\u0301rio Geral do galo negro, A\u0301lvaro Chikwamanga, ladeado do Secreta\u0301rio Geral Adjunto, Virgi\u0301lio Samussongo, da Secreta\u0301ria Nacional da Mobilizac\u0327a\u0303o, Anabela Sapalalo e membros do Secretariado Provincial de Luanda, trabalhou nesta ter\u00e7a-feira no Munic\u00edpio de Icolo e Bengo, onde foi recebida de forma eufo\u0301rica e calorosa pelos quadros local, amigos e simpatizantes daquele partido.<br \/>\nO secreta\u0301rio Geral da UNITA, A\u0301lvaro Chikwamanga, levou consigo, mensagem de agradecimento e encorajamento do seu Presidente, Adalberto Costa Ju\u0301nior, pela pronta disponibilidade dos dirigentes e militantes do Partido, que afincadamente tudo fizeram para o sucesso da marcha de sa\u0301bado, 11 de Setembro, cuja a raza\u0303o foi exigir a realizac\u0327a\u0303o de eleic\u0327o\u0303es, livres, justas e transparentes afirmou, A\u0301lvaro Chikwamanga secreta\u0301rio geral da UNITA<br \/>\nAinda na sua interven\u00e7\u00e3o, o alto mandat\u00e1rio da UNITA A\u0301lvaro Chikwamanga, afirmou que, o partido de Jonas Savimbi, est\u00e1 com o Adalberto Costa J\u00fanior, e que o mesmo ser\u00e1 o candidato para altern\u00e2ncia em 2022, segundo os membros do galo negro no munic\u00edpio do Icolo e Bengo afirmam, sem medo de errar que, Hoje podemos com ousadia afirmar que o n\u00edvel de simpatia que congregamos em no Icolo e Bengo sempre tivemos em toda Angola.<\/p>\n<p>Na referida actividade estiveram presentes , membros da JURA, LIMA, e o secretariado provincial da UNITA em Luanda.<\/p>\n","protected":false},"excerpt":{"rendered":"<p>A Delega\u00e7\u00e3o chefiada pelo Secreta\u0301rio Geral do galo negro, A\u0301lvaro Chikwamanga, ladeado do Secreta\u0301rio Geral Adjunto, Virgi\u0301lio Samussongo, da Secreta\u0301ria Nacional da Mobilizac\u0327a\u0303o, Anabela Sapalalo e membros do Secretariado Provincial de Luanda, trabalhou nesta ter\u00e7a-feira no Munic\u00edpio de Icolo e Bengo, onde foi recebida de forma eufo\u0301rica e calorosa pelos quadros local, amigos e simpatizantes [&hellip;]<\/p>\n","protected":false},"author":1,"featured_media":8405,"comment_status":"open","ping_status":"open","sticky":false,"template":"","format":"gallery","meta":{"footnotes":""},"categories":[12],"tags":[],"class_list":{"0":"post-8401","1":"post","2":"type-post","3":"status-publish","4":"format-gallery","5":"has-post-thumbnail","7":"category-politica-angola","8":"post_format-post-format-gallery"},"amp_enabled":true,"_links":{"self":[{"href":"https:\/\/tvbelas.com\/tvbelas\/wp-json\/wp\/v2\/posts\/8401","targetHints":{"allow":["GET"]}}],"collection":[{"href":"https:\/\/tvbelas.com\/tvbelas\/wp-json\/wp\/v2\/posts"}],"about":[{"href":"https:\/\/tvbelas.com\/tvbelas\/wp-json\/wp\/v2\/types\/post"}],"author":[{"embeddable":true,"href":"https:\/\/tvbelas.com\/tvbelas\/wp-json\/wp\/v2\/users\/1"}],"replies":[{"embeddable":true,"href":"https:\/\/tvbelas.com\/tvbelas\/wp-json\/wp\/v2\/comments?post=8401"}],"version-history":[{"count":0,"href":"https:\/\/tvbelas.com\/tvbelas\/wp-json\/wp\/v2\/posts\/8401\/revisions"}],"wp:featuredmedia":[{"embeddable":true,"href":"https:\/\/tvbelas.com\/tvbelas\/wp-json\/"}],"wp:attachment":[{"href":"https:\/\/tvbelas.com\/tvbelas\/wp-json\/wp\/v2\/media?parent=8401"}],"wp:term":[{"taxonomy":"category","embeddable":true,"href":"https:\/\/tvbelas.com\/tvbelas\/wp-json\/wp\/v2\/categories?post=8401"},{"taxonomy":"post_tag","embeddable":true,"href":"https:\/\/tvbelas.com\/tvbelas\/wp-json\/wp\/v2\/tags?post=8401"}],"curies":[{"name":"wp","href":"https:\/\/api.w.org\/{rel}","templated":true}]}}