{"id":8611,"date":"2021-10-17T18:32:58","date_gmt":"2021-10-17T17:32:58","guid":{"rendered":"http:\/\/tvbelas.com\/tvbelas\/?p=8611"},"modified":"2021-10-17T18:32:58","modified_gmt":"2021-10-17T17:32:58","slug":"com-olhos-postos-no-futuro-zona-economica-especial-luanda-bengo-comemora-12-anos-de-existencia","status":"publish","type":"post","link":"https:\/\/tvbelas.com\/tvbelas\/noticias\/sociedade\/com-olhos-postos-no-futuro-zona-economica-especial-luanda-bengo-comemora-12-anos-de-existencia\/","title":{"rendered":"COM OLHOS POSTOS NO FUTURO ZONA ECON\u00d3MICA ESPECIAL LUANDA-BENGO COMEMORA 12 ANOS DE EXIST\u00caNCIA."},"content":{"rendered":"<p>Com mais de cento e trinta projectos, englobados, entre industrias e comercias, tendo criados mais de seis mil postos de trabalho, maioritariamente para angolanos, a Zona Econ\u00f3mica Especial, assinalou no dia 13 de Outubro, 12 anos de exist\u00eancia.<br \/>\nN\u00e3o obstante a pandemia da covis 19, a institui\u00e7\u00e3o, n\u00e3o deixou de empregar, a t\u00edtulo de exemplo, nos \u00faltimos 12 meses, foram gizados projectos, que v\u00e3o proporcionar \u00e0 Zona Econ\u00f3mica, a cria\u00e7\u00e3o de mais de tr\u00eas mil postos de trabalho s\u00f3 para nacionais e pouco mais de trinta, para estrangeiros.<\/p>\n<p>Numa vis\u00e3o do executivo angolano, a ZEE, foi criada para reduzir importa\u00e7\u00f5es, aumentar exporta\u00e7\u00f5es, bem como captar investimentos estrangeiros.<br \/>\nO presidente do Conselho de Administra\u00e7\u00e3o da Zona Econ\u00f3mica Especial, Luanda-Bengo, Ant\u00f3nio Henriques da Silva, ao fazer o discurso de abertura da actividade comemorativa, real\u00e7ou que o esfor\u00e7o e a dedica\u00e7\u00e3o de todos, contribuiu para que a ZEE, fosse uma refer\u00eancia na \u00c1frica Subsariana.<br \/>\nHenriques da Silva, avan\u00e7ou por outro lado, que dentro de dias, ir\u00e1 entrar em funcionamento dentro da ZEE, o Gabinete de Apoio ao Investidor ( GAI), que ir\u00e1 permitir o a redu\u00e7\u00e3o de do tempo necess\u00e1rio para o acesso e resolu\u00e7\u00e3o de assuntos referentes \u00e0 administra\u00e7\u00e3o p\u00fablica angolana e contribuir para o investimento estrangeiro directo no pa\u00eds.<\/p>\n<p>os trabalhadores da Zona econ\u00f3mica especial contam agora com um fundo de apoio social, cujos respons\u00e1veis foram apresentados no acto.<\/p>\n<p>A actividade, que contou com a presen\u00e7a do representante\u00a0 da ZEE,e distintos convidados, culminou com actua\u00e7\u00e3o musical de artistas locais, bem como um sorteio de eletrodom\u00e9sticos para os trabalhadores da Zona Econ\u00f3mica Especial, Luanda-Bengo.<\/p>\n","protected":false},"excerpt":{"rendered":"<p>Com mais de cento e trinta projectos, englobados, entre industrias e comercias, tendo criados mais de seis mil postos de trabalho, maioritariamente para angolanos, a Zona Econ\u00f3mica Especial, assinalou no dia 13 de Outubro, 12 anos de exist\u00eancia. N\u00e3o obstante a pandemia da covis 19, a institui\u00e7\u00e3o, n\u00e3o deixou de empregar, a t\u00edtulo de exemplo, [&hellip;]<\/p>\n","protected":false},"author":1,"featured_media":8625,"comment_status":"open","ping_status":"open","sticky":false,"template":"","format":"gallery","meta":{"footnotes":""},"categories":[15],"tags":[],"class_list":{"0":"post-8611","1":"post","2":"type-post","3":"status-publish","4":"format-gallery","5":"has-post-thumbnail","7":"category-sociedade","8":"post_format-post-format-gallery"},"amp_enabled":true,"_links":{"self":[{"href":"https:\/\/tvbelas.com\/tvbelas\/wp-json\/wp\/v2\/posts\/8611","targetHints":{"allow":["GET"]}}],"collection":[{"href":"https:\/\/tvbelas.com\/tvbelas\/wp-json\/wp\/v2\/posts"}],"about":[{"href":"https:\/\/tvbelas.com\/tvbelas\/wp-json\/wp\/v2\/types\/post"}],"author":[{"embeddable":true,"href":"https:\/\/tvbelas.com\/tvbelas\/wp-json\/wp\/v2\/users\/1"}],"replies":[{"embeddable":true,"href":"https:\/\/tvbelas.com\/tvbelas\/wp-json\/wp\/v2\/comments?post=8611"}],"version-history":[{"count":0,"href":"https:\/\/tvbelas.com\/tvbelas\/wp-json\/wp\/v2\/posts\/8611\/revisions"}],"wp:featuredmedia":[{"embeddable":true,"href":"https:\/\/tvbelas.com\/tvbelas\/wp-json\/"}],"wp:attachment":[{"href":"https:\/\/tvbelas.com\/tvbelas\/wp-json\/wp\/v2\/media?parent=8611"}],"wp:term":[{"taxonomy":"category","embeddable":true,"href":"https:\/\/tvbelas.com\/tvbelas\/wp-json\/wp\/v2\/categories?post=8611"},{"taxonomy":"post_tag","embeddable":true,"href":"https:\/\/tvbelas.com\/tvbelas\/wp-json\/wp\/v2\/tags?post=8611"}],"curies":[{"name":"wp","href":"https:\/\/api.w.org\/{rel}","templated":true}]}}