{"id":8632,"date":"2021-10-17T18:39:26","date_gmt":"2021-10-17T17:39:26","guid":{"rendered":"http:\/\/tvbelas.com\/tvbelas\/?p=8632"},"modified":"2021-10-17T18:39:26","modified_gmt":"2021-10-17T17:39:26","slug":"cazenga-acolhe-acto-central-do-dia-nacional-do-taxista","status":"publish","type":"post","link":"https:\/\/tvbelas.com\/tvbelas\/noticias\/sociedade\/cazenga-acolhe-acto-central-do-dia-nacional-do-taxista\/","title":{"rendered":"CAZENGA ACOLHE ACTO CENTRAL DO DIA NACIONAL DO TAXISTA."},"content":{"rendered":"<p>Mais de tr\u00eas mil taxistas, estiveram presentes no munic\u00edpio do Cazenga, palco das comemora\u00e7\u00f5es do dia Nacional do Taxista, assinalado no dia 5 de Outubro.<br \/>\nNa ocasi\u00e3o, o presidente da Associa\u00e7\u00e3o dos Taxistas Nova Alian\u00e7a, Francisco Paciente, pediu do executivo maior aten\u00e7\u00e3o \u00e0 esta franja da sociedade, que muito ajuda o governo.<br \/>\nNa actividade que contou a presen\u00e7a do Secret\u00e1rio Geral da Jura, os taxistas, pediram a quem de direito, um olhar atento a inscri\u00e7\u00e3o na Seguran\u00e7a Social, para garantia da reforma.<br \/>\nO evento que aconteceu em todo o territ\u00f3rio nacional, com realce pra Luanda que albergou o acto central, terminou com um espet\u00e1culo m\u00fasico-cultural, e contou ainda com uma mega passeata pela cidade capital.<\/p>\n","protected":false},"excerpt":{"rendered":"<p>Mais de tr\u00eas mil taxistas, estiveram presentes no munic\u00edpio do Cazenga, palco das comemora\u00e7\u00f5es do dia Nacional do Taxista, assinalado no dia 5 de Outubro. Na ocasi\u00e3o, o presidente da Associa\u00e7\u00e3o dos Taxistas Nova Alian\u00e7a, Francisco Paciente, pediu do executivo maior aten\u00e7\u00e3o \u00e0 esta franja da sociedade, que muito ajuda o governo. Na actividade que [&hellip;]<\/p>\n","protected":false},"author":1,"featured_media":8634,"comment_status":"open","ping_status":"open","sticky":false,"template":"","format":"standard","meta":{"footnotes":""},"categories":[15],"tags":[],"class_list":{"0":"post-8632","1":"post","2":"type-post","3":"status-publish","4":"format-standard","5":"has-post-thumbnail","7":"category-sociedade"},"amp_enabled":true,"_links":{"self":[{"href":"https:\/\/tvbelas.com\/tvbelas\/wp-json\/wp\/v2\/posts\/8632","targetHints":{"allow":["GET"]}}],"collection":[{"href":"https:\/\/tvbelas.com\/tvbelas\/wp-json\/wp\/v2\/posts"}],"about":[{"href":"https:\/\/tvbelas.com\/tvbelas\/wp-json\/wp\/v2\/types\/post"}],"author":[{"embeddable":true,"href":"https:\/\/tvbelas.com\/tvbelas\/wp-json\/wp\/v2\/users\/1"}],"replies":[{"embeddable":true,"href":"https:\/\/tvbelas.com\/tvbelas\/wp-json\/wp\/v2\/comments?post=8632"}],"version-history":[{"count":0,"href":"https:\/\/tvbelas.com\/tvbelas\/wp-json\/wp\/v2\/posts\/8632\/revisions"}],"wp:featuredmedia":[{"embeddable":true,"href":"https:\/\/tvbelas.com\/tvbelas\/wp-json\/"}],"wp:attachment":[{"href":"https:\/\/tvbelas.com\/tvbelas\/wp-json\/wp\/v2\/media?parent=8632"}],"wp:term":[{"taxonomy":"category","embeddable":true,"href":"https:\/\/tvbelas.com\/tvbelas\/wp-json\/wp\/v2\/categories?post=8632"},{"taxonomy":"post_tag","embeddable":true,"href":"https:\/\/tvbelas.com\/tvbelas\/wp-json\/wp\/v2\/tags?post=8632"}],"curies":[{"name":"wp","href":"https:\/\/api.w.org\/{rel}","templated":true}]}}