{"id":9176,"date":"2022-01-01T10:04:42","date_gmt":"2022-01-01T09:04:42","guid":{"rendered":"http:\/\/tvbelas.com\/tvbelas\/?p=9176"},"modified":"2022-01-01T10:04:42","modified_gmt":"2022-01-01T09:04:42","slug":"aulas-suspensas-ate-16-de-janeiro-2022","status":"publish","type":"post","link":"https:\/\/tvbelas.com\/tvbelas\/noticias\/sociedade\/aulas-suspensas-ate-16-de-janeiro-2022\/","title":{"rendered":"AULAS SUSPENSAS AT\u00c9 16 DE JANEIRO 2022"},"content":{"rendered":"<p>A ministra da Sa\u00fade, S\u00edlvia Lutucuta, avan\u00e7ou esta quinta-feira (30) que equipa t\u00e9cnica da Comiss\u00e3o Multissectorial de Preven\u00e7\u00e3o e Combate \u00e0 Covid-19 estava avaliar o regresso \u00e0s aulas em todo territ\u00f3rio nacional.<\/p>\n<p>Segundo a ministra, o &#8220;regresso \u00e0s aulas n\u00e3o \u00e9 um assunto fechado e est\u00e1 muito bem plasmado no decreto e que coloca as aulas e outras actividades dependentes da evolu\u00e7\u00e3o epidemiol\u00f3gica\u201d.<\/p>\n<p>Para a tamb\u00e9m porta-voz da Comiss\u00e3o Multissectorial de Preven\u00e7\u00e3o e Combate \u00e0 Covid-19, &#8220;o pa\u00eds n\u00e3o est\u00e1 a viver um bom momento e n\u00e3o podemos colocar as nossas crian\u00e7as em risco\u201d.<\/p>\n","protected":false},"excerpt":{"rendered":"<p>A ministra da Sa\u00fade, S\u00edlvia Lutucuta, avan\u00e7ou esta quinta-feira (30) que equipa t\u00e9cnica da Comiss\u00e3o Multissectorial de Preven\u00e7\u00e3o e Combate \u00e0 Covid-19 estava avaliar o regresso \u00e0s aulas em todo territ\u00f3rio nacional. Segundo a ministra, o &#8220;regresso \u00e0s aulas n\u00e3o \u00e9 um assunto fechado e est\u00e1 muito bem plasmado no decreto e que coloca as [&hellip;]<\/p>\n","protected":false},"author":1,"featured_media":9178,"comment_status":"open","ping_status":"open","sticky":false,"template":"","format":"standard","meta":{"footnotes":""},"categories":[15],"tags":[],"class_list":{"0":"post-9176","1":"post","2":"type-post","3":"status-publish","4":"format-standard","5":"has-post-thumbnail","7":"category-sociedade"},"amp_enabled":true,"_links":{"self":[{"href":"https:\/\/tvbelas.com\/tvbelas\/wp-json\/wp\/v2\/posts\/9176","targetHints":{"allow":["GET"]}}],"collection":[{"href":"https:\/\/tvbelas.com\/tvbelas\/wp-json\/wp\/v2\/posts"}],"about":[{"href":"https:\/\/tvbelas.com\/tvbelas\/wp-json\/wp\/v2\/types\/post"}],"author":[{"embeddable":true,"href":"https:\/\/tvbelas.com\/tvbelas\/wp-json\/wp\/v2\/users\/1"}],"replies":[{"embeddable":true,"href":"https:\/\/tvbelas.com\/tvbelas\/wp-json\/wp\/v2\/comments?post=9176"}],"version-history":[{"count":0,"href":"https:\/\/tvbelas.com\/tvbelas\/wp-json\/wp\/v2\/posts\/9176\/revisions"}],"wp:featuredmedia":[{"embeddable":true,"href":"https:\/\/tvbelas.com\/tvbelas\/wp-json\/"}],"wp:attachment":[{"href":"https:\/\/tvbelas.com\/tvbelas\/wp-json\/wp\/v2\/media?parent=9176"}],"wp:term":[{"taxonomy":"category","embeddable":true,"href":"https:\/\/tvbelas.com\/tvbelas\/wp-json\/wp\/v2\/categories?post=9176"},{"taxonomy":"post_tag","embeddable":true,"href":"https:\/\/tvbelas.com\/tvbelas\/wp-json\/wp\/v2\/tags?post=9176"}],"curies":[{"name":"wp","href":"https:\/\/api.w.org\/{rel}","templated":true}]}}