{"id":9190,"date":"2022-01-06T16:28:36","date_gmt":"2022-01-06T15:28:36","guid":{"rendered":"http:\/\/tvbelas.com\/tvbelas\/?p=9190"},"modified":"2022-01-06T16:28:36","modified_gmt":"2022-01-06T15:28:36","slug":"joao-lourenco-queimar-pneus-nao-e-um-sinal-de-que-a-oposicao-esta-forte","status":"publish","type":"post","link":"https:\/\/tvbelas.com\/tvbelas\/noticias\/politica-angola\/joao-lourenco-queimar-pneus-nao-e-um-sinal-de-que-a-oposicao-esta-forte\/","title":{"rendered":"JO\u00c3O LOUREN\u00c7O &#8220;QUEIMAR PNEUS N\u00c3O \u00c9 UM SINAL DE QUE A OPOSI\u00c7\u00c3O EST\u00c1 FORTE."},"content":{"rendered":"<p>Em entrevista colectiva cedida nesta quinta-feira aos 5 org\u00e3os dos quais 4 nacionais e um internacional, Jo\u00e3o Louren\u00e7o ao Abordar o cen\u00e1rio pol\u00edtico actual do pa\u00eds, na perspectiva da disputa eleitoral que a\u00ed vem em agosto pr\u00f3ximo, o Presidente Jo\u00e3o Louren\u00e7o, na entrevista colectiva desta manh\u00e3 no Pal\u00e1cio Presidencial, interrogou-se se &#8220;a mobiliza\u00e7\u00e3o de jovens para praticar actos de vandalismo, arrua\u00e7as, constitui um sinal de que a oposi\u00e7\u00e3o est\u00e1 forte&#8221;.<\/p>\n<p>&#8220;Se a oposi\u00e7\u00e3o s\u00f3 sabe fazer isso, ent\u00e3o acredito mais uma vez que seja erro de avalia\u00e7\u00e3o. P\u00f4r jovens descontentes nas ruas a queimar pneus, a partir vidros de carros, se isso \u00e9 um sinal de que o descontentamento contra o MPLA \u00e9 assim t\u00e3o grande, de que v\u00e3o derrotar o MPLA nas pr\u00f3ximas elei\u00e7\u00f5es, \u00e9 bom que continuem a pensar assim&#8230;&#8221;, disse.<\/p>\n<p>&nbsp;<\/p>\n","protected":false},"excerpt":{"rendered":"<p>Em entrevista colectiva cedida nesta quinta-feira aos 5 org\u00e3os dos quais 4 nacionais e um internacional, Jo\u00e3o Louren\u00e7o ao Abordar o cen\u00e1rio pol\u00edtico actual do pa\u00eds, na perspectiva da disputa eleitoral que a\u00ed vem em agosto pr\u00f3ximo, o Presidente Jo\u00e3o Louren\u00e7o, na entrevista colectiva desta manh\u00e3 no Pal\u00e1cio Presidencial, interrogou-se se &#8220;a mobiliza\u00e7\u00e3o de jovens [&hellip;]<\/p>\n","protected":false},"author":1,"featured_media":9192,"comment_status":"open","ping_status":"open","sticky":false,"template":"","format":"standard","meta":{"footnotes":""},"categories":[12],"tags":[],"class_list":{"0":"post-9190","1":"post","2":"type-post","3":"status-publish","4":"format-standard","5":"has-post-thumbnail","7":"category-politica-angola"},"amp_enabled":true,"_links":{"self":[{"href":"https:\/\/tvbelas.com\/tvbelas\/wp-json\/wp\/v2\/posts\/9190","targetHints":{"allow":["GET"]}}],"collection":[{"href":"https:\/\/tvbelas.com\/tvbelas\/wp-json\/wp\/v2\/posts"}],"about":[{"href":"https:\/\/tvbelas.com\/tvbelas\/wp-json\/wp\/v2\/types\/post"}],"author":[{"embeddable":true,"href":"https:\/\/tvbelas.com\/tvbelas\/wp-json\/wp\/v2\/users\/1"}],"replies":[{"embeddable":true,"href":"https:\/\/tvbelas.com\/tvbelas\/wp-json\/wp\/v2\/comments?post=9190"}],"version-history":[{"count":0,"href":"https:\/\/tvbelas.com\/tvbelas\/wp-json\/wp\/v2\/posts\/9190\/revisions"}],"wp:featuredmedia":[{"embeddable":true,"href":"https:\/\/tvbelas.com\/tvbelas\/wp-json\/"}],"wp:attachment":[{"href":"https:\/\/tvbelas.com\/tvbelas\/wp-json\/wp\/v2\/media?parent=9190"}],"wp:term":[{"taxonomy":"category","embeddable":true,"href":"https:\/\/tvbelas.com\/tvbelas\/wp-json\/wp\/v2\/categories?post=9190"},{"taxonomy":"post_tag","embeddable":true,"href":"https:\/\/tvbelas.com\/tvbelas\/wp-json\/wp\/v2\/tags?post=9190"}],"curies":[{"name":"wp","href":"https:\/\/api.w.org\/{rel}","templated":true}]}}