{"id":9694,"date":"2022-03-28T22:44:11","date_gmt":"2022-03-28T21:44:11","guid":{"rendered":"http:\/\/tvbelas.com\/tvbelas\/?p=9694"},"modified":"2022-03-28T22:44:11","modified_gmt":"2022-03-28T21:44:11","slug":"academia-de-hollywood-condena-acoes-de-will-smith-no-oscar-getty-images","status":"publish","type":"post","link":"https:\/\/tvbelas.com\/tvbelas\/programa\/entretenimento\/academia-de-hollywood-condena-acoes-de-will-smith-no-oscar-getty-images\/","title":{"rendered":"ACADEMIA DE HOLLYWOOD &#8216;CONDENA A\u00c7\u00d5ES DE WILL SMITH&#8217; NO OSCAR &#8211; GETTY IMAGES"},"content":{"rendered":"<figure class=\"img-lead\"><figcaption>m comunicado, Academia de Hollywood &#8216;condena a\u00e7\u00f5es de Will Smith&#8217; no Oscar &#8211;\u00a0<span class=\"font-weight-normal\">Getty Images<\/span><\/figcaption><\/figure>\n<div class=\"mb-3 text-center\">\n<div id=\"banner-320x100-area\" data-mobile=\"320x100\" data-desktop=\"320x100\"><span style=\"font-family: -apple-system, BlinkMacSystemFont, 'Segoe UI', Roboto, Oxygen-Sans, Ubuntu, Cantarell, 'Helvetica Neue', sans-serif;\">Nesta segunda-feira, 28, a Academia de Artes e Ci\u00eancias Cinematogr\u00e1ficas de Hollywood divulgou um comunicado ap\u00f3s <\/span><a style=\"font-family: -apple-system, BlinkMacSystemFont, 'Segoe UI', Roboto, Oxygen-Sans, Ubuntu, Cantarell, 'Helvetica Neue', sans-serif;\" href=\"https:\/\/www.instagram.com\/willsmith\/\"><strong>Will Smith<\/strong><\/a><span style=\"font-family: -apple-system, BlinkMacSystemFont, 'Segoe UI', Roboto, Oxygen-Sans, Ubuntu, Cantarell, 'Helvetica Neue', sans-serif;\">\u00a0(53) dar\u00a0<\/span><a style=\"font-family: -apple-system, BlinkMacSystemFont, 'Segoe UI', Roboto, Oxygen-Sans, Ubuntu, Cantarell, 'Helvetica Neue', sans-serif;\" href=\"https:\/\/caras.uol.com.br\/cinema\/will-smith-bate-em-cris-rock-no-palco-do-oscar-apos-piada-com-sua-esposa.phtml\" target=\"_blank\" rel=\"noopener\">um tapa na cara de\u00a0<strong>Chris Rock<\/strong><\/a><span style=\"font-family: -apple-system, BlinkMacSystemFont, 'Segoe UI', Roboto, Oxygen-Sans, Ubuntu, Cantarell, 'Helvetica Neue', sans-serif;\">\u00a0(57) durante a premia\u00e7\u00e3o.<\/span><\/div>\n<\/div>\n<div class=\"artigo_texto\">\n<p>Smith teve essa rea\u00e7\u00e3o depois do comediante, que apresentava o pr\u00eamio de melhor document\u00e1rio, uma &#8216;piada&#8217; sobre a cabe\u00e7a raspada esposa do ator,\u00a0<strong>Jada Pinkett Smith<\/strong>\u00a0(50), portadora de uma doen\u00e7a auto-imune.<\/p>\n<p><em>&#8220;A Academia condena as a\u00e7\u00f5es do Sr. Smith no show de ontem \u00e0 noite. Iniciamos oficialmente uma revis\u00e3o formal em torno do incidente e exploraremos outras a\u00e7\u00f5es e consequ\u00eancias de acordo com nossos Estatutos, Padr\u00f5es de Conduta e a lei da Calif\u00f3rnia&#8221;<\/em>, disseram.<\/p>\n<\/div>\n<p>Na cerim\u00f4nia, o astro\u00a0<a href=\"https:\/\/caras.uol.com.br\/cinema\/will-smith-recebe-seu-primeiro-oscar-da-carreira-na-categoria-de-melhor-ator.phtml\" target=\"_blank\" rel=\"noopener\">levou o pr\u00eamio de Melhor Ator<\/a>\u00a0pelo filme\u00a0<em>King Richard: Criando Campe\u00e3s<\/em>, e ao final do discurso\u00a0<a href=\"https:\/\/caras.uol.com.br\/cinema\/chorando-will-smith-pede-desculpas-por-tapa-em-chris-rock-durante-oscar-2022-veja-repercussao.phtml\">pediu desculpas \u00e0 Academia e aos presentes<\/a>, por\u00e9m sem citar o ocorrido com Chris.<\/p>\n<div class=\"instagram\" contenteditable=\"false\"><iframe id=\"instagram-embed-0\" class=\"instagram-media instagram-media-rendered\" src=\"https:\/\/www.instagram.com\/reel\/CboD3G6Akc8\/embed\/captioned\/?cr=1&amp;v=14&amp;wp=1080&amp;rd=https%3A%2F%2Fcaras.uol.com.br&amp;rp=%2Fcinema%2Fem-comunicado-academia-de-hollywood-condena-acoes-de-will-smith-no-oscar.phtml%3Ffbclid%3DIwAR2HocHiIr8yEhYQMOemvwgxBLFJcqXiZHk6jvJLFEZa0ykTf6vfthomS9s#%7B%22ci%22%3A0%2C%22os%22%3A2200.300000011921%2C%22ls%22%3A2018.2000000029802%2C%22le%22%3A2197.800000011921%7D\" height=\"968\" frameborder=\"0\" scrolling=\"no\" allowfullscreen=\"allowfullscreen\" data-instgrm-payload-id=\"instagram-media-payload-0\" data-mce-fragment=\"1\"><\/iframe><\/div>\n","protected":false},"excerpt":{"rendered":"<p>m comunicado, Academia de Hollywood &#8216;condena a\u00e7\u00f5es de Will Smith&#8217; no Oscar &#8211;\u00a0Getty Images Nesta segunda-feira, 28, a Academia de Artes e Ci\u00eancias Cinematogr\u00e1ficas de Hollywood divulgou um comunicado ap\u00f3s Will Smith\u00a0(53) dar\u00a0um tapa na cara de\u00a0Chris Rock\u00a0(57) durante a premia\u00e7\u00e3o. Smith teve essa rea\u00e7\u00e3o depois do comediante, que apresentava o pr\u00eamio de melhor document\u00e1rio, [&hellip;]<\/p>\n","protected":false},"author":1,"featured_media":9697,"comment_status":"open","ping_status":"open","sticky":false,"template":"","format":"standard","meta":{"footnotes":""},"categories":[21],"tags":[],"class_list":{"0":"post-9694","1":"post","2":"type-post","3":"status-publish","4":"format-standard","5":"has-post-thumbnail","7":"category-entretenimento"},"amp_enabled":true,"_links":{"self":[{"href":"https:\/\/tvbelas.com\/tvbelas\/wp-json\/wp\/v2\/posts\/9694","targetHints":{"allow":["GET"]}}],"collection":[{"href":"https:\/\/tvbelas.com\/tvbelas\/wp-json\/wp\/v2\/posts"}],"about":[{"href":"https:\/\/tvbelas.com\/tvbelas\/wp-json\/wp\/v2\/types\/post"}],"author":[{"embeddable":true,"href":"https:\/\/tvbelas.com\/tvbelas\/wp-json\/wp\/v2\/users\/1"}],"replies":[{"embeddable":true,"href":"https:\/\/tvbelas.com\/tvbelas\/wp-json\/wp\/v2\/comments?post=9694"}],"version-history":[{"count":0,"href":"https:\/\/tvbelas.com\/tvbelas\/wp-json\/wp\/v2\/posts\/9694\/revisions"}],"wp:featuredmedia":[{"embeddable":true,"href":"https:\/\/tvbelas.com\/tvbelas\/wp-json\/"}],"wp:attachment":[{"href":"https:\/\/tvbelas.com\/tvbelas\/wp-json\/wp\/v2\/media?parent=9694"}],"wp:term":[{"taxonomy":"category","embeddable":true,"href":"https:\/\/tvbelas.com\/tvbelas\/wp-json\/wp\/v2\/categories?post=9694"},{"taxonomy":"post_tag","embeddable":true,"href":"https:\/\/tvbelas.com\/tvbelas\/wp-json\/wp\/v2\/tags?post=9694"}],"curies":[{"name":"wp","href":"https:\/\/api.w.org\/{rel}","templated":true}]}}