{"id":9700,"date":"2022-03-28T23:14:20","date_gmt":"2022-03-28T22:14:20","guid":{"rendered":"http:\/\/tvbelas.com\/tvbelas\/?p=9700"},"modified":"2022-03-28T23:14:20","modified_gmt":"2022-03-28T22:14:20","slug":"presidente-da-republica-preside-no-huambo-abertura-do-ano-judicial","status":"publish","type":"post","link":"https:\/\/tvbelas.com\/tvbelas\/noticias\/politica-angola\/presidente-da-republica-preside-no-huambo-abertura-do-ano-judicial\/","title":{"rendered":"PRESIDENTE DA REP\u00daBLICA PRESIDE NO HUAMBO ABERTURA DO ANO JUDICIAL"},"content":{"rendered":"<p>De acordo com Lu\u00eds Fernando, secret\u00e1rio do Presidente da Rep\u00fablica para os Assuntos de Comunica\u00e7\u00e3o Institucional e Imprensa, Jo\u00e3o Louren\u00e7o vai discursar numa cerim\u00f3nia em que estar\u00e3o presentes os presidentes dos Tribunais Superiores, o Procurador-Geral da Rep\u00fablica, o baston\u00e1rio da Ordem dos Advogados de Angola, entre outras entidades ligadas ao sistema de justi\u00e7a do pa\u00eds.<\/p>\n<p>Adiantou que a cerim\u00f3nia de abertura do Ano Judicial rodea-se de grande simbolismo, com destaque para o discurso formal do Presidente da Rep\u00fablica, durante o qual lan\u00e7a um olhar para o universo da justi\u00e7a e o modo como a mesma \u00e9 aplicada em Angola.<\/p>\n<p>De igual modo, salientou, a cerim\u00f3nia visa enaltecer ganhos e, eventualmente, exprimir preocupa\u00e7\u00f5es e inquieta\u00e7\u00f5es sobre quest\u00f5es a serem melhoradas no sector da Justi\u00e7a, pelo que \u00e9 sempre um discurso de grande expectativa, uma vez que em democracia o modo como se administra a justi\u00e7a \u00e9 um quesito para o qual todos os olhares se concentram.<\/p>\n<p>O regresso do Presidente Jo\u00e3o Louren\u00e7o a Luanda ocorre no per\u00edodo da tarde de ter\u00e7a-feira.<\/p>\n","protected":false},"excerpt":{"rendered":"<p>De acordo com Lu\u00eds Fernando, secret\u00e1rio do Presidente da Rep\u00fablica para os Assuntos de Comunica\u00e7\u00e3o Institucional e Imprensa, Jo\u00e3o Louren\u00e7o vai discursar numa cerim\u00f3nia em que estar\u00e3o presentes os presidentes dos Tribunais Superiores, o Procurador-Geral da Rep\u00fablica, o baston\u00e1rio da Ordem dos Advogados de Angola, entre outras entidades ligadas ao sistema de justi\u00e7a do pa\u00eds. [&hellip;]<\/p>\n","protected":false},"author":1,"featured_media":9702,"comment_status":"open","ping_status":"open","sticky":false,"template":"","format":"standard","meta":{"footnotes":""},"categories":[12],"tags":[],"class_list":{"0":"post-9700","1":"post","2":"type-post","3":"status-publish","4":"format-standard","5":"has-post-thumbnail","7":"category-politica-angola"},"amp_enabled":true,"_links":{"self":[{"href":"https:\/\/tvbelas.com\/tvbelas\/wp-json\/wp\/v2\/posts\/9700","targetHints":{"allow":["GET"]}}],"collection":[{"href":"https:\/\/tvbelas.com\/tvbelas\/wp-json\/wp\/v2\/posts"}],"about":[{"href":"https:\/\/tvbelas.com\/tvbelas\/wp-json\/wp\/v2\/types\/post"}],"author":[{"embeddable":true,"href":"https:\/\/tvbelas.com\/tvbelas\/wp-json\/wp\/v2\/users\/1"}],"replies":[{"embeddable":true,"href":"https:\/\/tvbelas.com\/tvbelas\/wp-json\/wp\/v2\/comments?post=9700"}],"version-history":[{"count":0,"href":"https:\/\/tvbelas.com\/tvbelas\/wp-json\/wp\/v2\/posts\/9700\/revisions"}],"wp:featuredmedia":[{"embeddable":true,"href":"https:\/\/tvbelas.com\/tvbelas\/wp-json\/"}],"wp:attachment":[{"href":"https:\/\/tvbelas.com\/tvbelas\/wp-json\/wp\/v2\/media?parent=9700"}],"wp:term":[{"taxonomy":"category","embeddable":true,"href":"https:\/\/tvbelas.com\/tvbelas\/wp-json\/wp\/v2\/categories?post=9700"},{"taxonomy":"post_tag","embeddable":true,"href":"https:\/\/tvbelas.com\/tvbelas\/wp-json\/wp\/v2\/tags?post=9700"}],"curies":[{"name":"wp","href":"https:\/\/api.w.org\/{rel}","templated":true}]}}