{"id":9712,"date":"2022-03-28T23:39:56","date_gmt":"2022-03-28T22:39:56","guid":{"rendered":"http:\/\/tvbelas.com\/tvbelas\/?p=9712"},"modified":"2022-03-28T23:39:56","modified_gmt":"2022-03-28T22:39:56","slug":"ruas-de-luanda-interditas-para-obras-de-reabilitacao","status":"publish","type":"post","link":"https:\/\/tvbelas.com\/tvbelas\/noticias\/sociedade\/ruas-de-luanda-interditas-para-obras-de-reabilitacao\/","title":{"rendered":"RUAS DE LUANDA INTERDITAS PARA OBRAS DE REABILITA\u00c7\u00c3O"},"content":{"rendered":"<p>A circula\u00e7\u00e3o rodovi\u00e1ria na Avenida Rainha Njinga a partir do cruzamento com a rua Cerqueira Lukoki at\u00e9 ao Largo do Ambiente estar\u00e1, interdita de 29 de Mar\u00e7o at\u00e9 a 12 de Abril, informou, esta segunda-feira, a Comiss\u00e3o Administrativa da Cidade de Luanda.<\/p>\n<p style=\"font-weight: 400;\">Num comunicado de imprensa tornado hoje p\u00fablico, a Comiss\u00e3o Administrativa da Cidade de Luanda esclarece que estas interdi\u00e7\u00f5es est\u00e3o a ser efectuadas no \u00e2mbito da reabilita\u00e7\u00e3o de algumas ruas da capital que compreendem trabalhos nos equipamentos de drenagem e repavimenta\u00e7\u00e3o.<\/p>\n<p style=\"font-weight: 400;\">A Comiss\u00e3o Administrativa de Luanda adianta que como alternativa os motoristas poder\u00e3o fazer uso das ruas Cirilo da Concei\u00e7\u00e3o e Am\u00edlcar Cabral para aceder a rua Major Kanhangulo.<\/p>\n<p style=\"font-weight: 400;\">Informa, tamb\u00e9m, que vai ser igualmente interdita a Avenida C\u00f4nego Manuel das Neves junto ao Cruzamento com a rua Rei Mandume a partir do dia 30 de Abril por um per\u00edodo de 160 dias.<\/p>\n<p style=\"font-weight: 400;\">Como alternativa, para o sentido Kinaxixe\/Cuca os motoristas poder\u00e3o aceder as ruas Vasco Fernandes, Comandante Val\u00f3dia e\u00a0 Rei Mandume. Para o sentido Cuca\/Kinaxixe, os motoristas poder\u00e3o aceder as ruas Rei Mandume e do Quicombo.<\/p>\n<p style=\"font-weight: 400;\">&#8220;A Comiss\u00e3o Administrativa da Cidade de Luanda pede desculpas pelos eventuais constrangimentos e aproveita a oportunidade para solicitar o respeito a sinaliza\u00e7\u00e3o tempor\u00e1ria\u00a0 e as orienta\u00e7\u00f5es dos reguladores de tr\u00e2nsito&#8221;, l\u00ea-se no comunicado.<\/p>\n","protected":false},"excerpt":{"rendered":"<p>A circula\u00e7\u00e3o rodovi\u00e1ria na Avenida Rainha Njinga a partir do cruzamento com a rua Cerqueira Lukoki at\u00e9 ao Largo do Ambiente estar\u00e1, interdita de 29 de Mar\u00e7o at\u00e9 a 12 de Abril, informou, esta segunda-feira, a Comiss\u00e3o Administrativa da Cidade de Luanda. Num comunicado de imprensa tornado hoje p\u00fablico, a Comiss\u00e3o Administrativa da Cidade de [&hellip;]<\/p>\n","protected":false},"author":1,"featured_media":9714,"comment_status":"open","ping_status":"open","sticky":false,"template":"","format":"standard","meta":{"footnotes":""},"categories":[15],"tags":[],"class_list":{"0":"post-9712","1":"post","2":"type-post","3":"status-publish","4":"format-standard","5":"has-post-thumbnail","7":"category-sociedade"},"amp_enabled":true,"_links":{"self":[{"href":"https:\/\/tvbelas.com\/tvbelas\/wp-json\/wp\/v2\/posts\/9712","targetHints":{"allow":["GET"]}}],"collection":[{"href":"https:\/\/tvbelas.com\/tvbelas\/wp-json\/wp\/v2\/posts"}],"about":[{"href":"https:\/\/tvbelas.com\/tvbelas\/wp-json\/wp\/v2\/types\/post"}],"author":[{"embeddable":true,"href":"https:\/\/tvbelas.com\/tvbelas\/wp-json\/wp\/v2\/users\/1"}],"replies":[{"embeddable":true,"href":"https:\/\/tvbelas.com\/tvbelas\/wp-json\/wp\/v2\/comments?post=9712"}],"version-history":[{"count":0,"href":"https:\/\/tvbelas.com\/tvbelas\/wp-json\/wp\/v2\/posts\/9712\/revisions"}],"wp:featuredmedia":[{"embeddable":true,"href":"https:\/\/tvbelas.com\/tvbelas\/wp-json\/"}],"wp:attachment":[{"href":"https:\/\/tvbelas.com\/tvbelas\/wp-json\/wp\/v2\/media?parent=9712"}],"wp:term":[{"taxonomy":"category","embeddable":true,"href":"https:\/\/tvbelas.com\/tvbelas\/wp-json\/wp\/v2\/categories?post=9712"},{"taxonomy":"post_tag","embeddable":true,"href":"https:\/\/tvbelas.com\/tvbelas\/wp-json\/wp\/v2\/tags?post=9712"}],"curies":[{"name":"wp","href":"https:\/\/api.w.org\/{rel}","templated":true}]}}