{"id":9764,"date":"2022-03-30T16:41:15","date_gmt":"2022-03-30T15:41:15","guid":{"rendered":"http:\/\/tvbelas.com\/tvbelas\/?p=9764"},"modified":"2022-03-30T16:41:15","modified_gmt":"2022-03-30T15:41:15","slug":"o-dirigente-que-tratava-savimbi-por-querido-presidente-agora-e-membro-do-conselho-da-republica","status":"publish","type":"post","link":"https:\/\/tvbelas.com\/tvbelas\/noticias\/politica-angola\/o-dirigente-que-tratava-savimbi-por-querido-presidente-agora-e-membro-do-conselho-da-republica\/","title":{"rendered":"O DIRIGENTE QUE TRATAVA SAVIMBI POR \u201cQUERIDO PRESIDENTE\u201d AGORA \u00c9 MEMBRO DO CONSELHO DA REP\u00daBLICA"},"content":{"rendered":"<div class=\"cxmmr5t8 oygrvhab hcukyx3x c1et5uql o9v6fnle ii04i59q\">\n<div dir=\"auto\">Jorge Alicerces Valentim, assume aos 84 anos de idade as fun\u00e7\u00f5es de membro do conselho da Republica designado pelo Presidente Jo\u00e3o Louren\u00e7o. Foi durante d\u00e9cadas militante da UNITA, o partido a que largou h\u00e1 18 anos para se colocar a disposi\u00e7\u00e3o da guilhotina do regime contra o \u201cGalo Negro\u201d. escreveu o jornalista Jos\u00e9 Gama na sua pagina do facebook.<\/div>\n<\/div>\n<div class=\"cxmmr5t8 oygrvhab hcukyx3x c1et5uql o9v6fnle ii04i59q\">\n<div dir=\"auto\">\u00a0Jorge\u00a0 Valentim Na UNITA, seu antigo partido ficou notado pelas habilidades de exalta\u00e7\u00e3o a figura de Savimbi tornando-se no \u00fanico ou dos poucos que tratava o chefe por \u201cquerido Presidente\u201d. Conheceu Savimbi na adolesc\u00eancia, e mais tarde viriam a se reencontrar na Su\u00ed\u00e7a, onde Valentim dirigia um jornal. Quando a UNITA regressou das matas em 1992, era o notado ministro da informa\u00e7\u00e3o da guerrilha, fun\u00e7\u00e3o que viria ocupar em substitui\u00e7\u00e3o de Wilson dos Santos, ca\u00eddo em desgra\u00e7a, Segundo o Jornalista Jos\u00e9 Gama.<\/div>\n<div dir=\"auto\"><\/div>\n<\/div>\n<div class=\"cxmmr5t8 oygrvhab hcukyx3x c1et5uql o9v6fnle ii04i59q\">\n<div dir=\"auto\">Jos\u00e9 Gama adiantou, que foi nas vestes de porta-voz que a 22 de Outubro de 1992, depois dos confrontos armados, que levou a decapita\u00e7\u00e3o da direc\u00e7\u00e3o em Luanda, denunciou a partir da cidade do Huambo, onde estava ao lado do l\u00edder que \u201cO MPLA-PT j\u00e1 cometeu danos morais e pol\u00edticos contra a organiza\u00e7\u00e3o patri\u00f3tica dirigida pelo Nosso Querido Presidente, Dr. Jonas Malheiro Savimbi\u201d.<\/div>\n<div dir=\"auto\"><\/div>\n<\/div>\n<div class=\"cxmmr5t8 oygrvhab hcukyx3x c1et5uql o9v6fnle ii04i59q\">\n<div dir=\"auto\">Depois de quatro meses, a partir da cidade do Huambo denunciou aos microfones da radio Vorgan que &#8220;a direc\u00e7\u00e3o da UNITA pela voz do nosso querido Presidente, Dr. Jonas Malheiro Savimbi, predisp\u00f5e-se a enviar uma delega\u00e7\u00e3o para as negocia\u00e7\u00f5es com o Governo do MPLA e tamb\u00e9m explicar as teses pol\u00edticas defendidas pela UNITA em diferentes pa\u00edses do mundo&#8221;.<\/div>\n<\/div>\n<div class=\"cxmmr5t8 oygrvhab hcukyx3x c1et5uql o9v6fnle ii04i59q\">\n<div dir=\"auto\">Os seus excessos de exalta\u00e7\u00e3o a Savimbi eram alvos de aten\u00e7\u00f5es da seguran\u00e7a da UNITA que interpretava que estivesse a usar o radicalismo para encobrir fragilidades. Quando a dada altura foi enviado para se fixar em Luanda, para integrar o GURN, o l\u00edder da UNITA, Jonas Savimbi foi ter com ele dizendo que a seguran\u00e7a tinha informa\u00e7\u00f5es que ele iria trair o partido. O mesmo n\u00e3o s\u00f3 negou como justificou que nunca perdoaria o MPLA por ter morto um irm\u00e3o seu nos confrontos p\u00f3s-eleitoral de 1992. Mais a frente os factos falaram por si, e Jorge Valentim tornou se no principal aliado do regime.<\/div>\n<\/div>\n<div class=\"cxmmr5t8 oygrvhab hcukyx3x c1et5uql o9v6fnle ii04i59q\">\n<div dir=\"auto\">Tal como um general na reserva, Jorge Valentim, tem se colocado a disposi\u00e7\u00e3o do MPLA, que em per\u00edodos eleitores lhe retire dos seus aposentos na Kanata, Lobito, para incendiar contra o partido fundado pelo seu antigo \u201cquerido presidente\u201d Jonas Savimbi.<\/div>\n<\/div>\n<div class=\"cxmmr5t8 oygrvhab hcukyx3x c1et5uql o9v6fnle ii04i59q\">\n<div dir=\"auto\">A sua sa\u00fade n\u00e3o tem sido a dar melhores, decorrente da idade levando a locomover-se com ajuda de um cajado. Foi em Angola de 2021, que internou na clinica Girassol em Luanda, merecendo a visita do Presidente Jo\u00e3o Louren\u00e7o. Na sua conta no Twitter, o Chefe de Estado angolano lembrou que Valentim era afilhado de seu pai, Sequeira Jo\u00e3o Louren\u00e7o.<\/div>\n<div dir=\"auto\">Fonte: Pagina do Jornalista Jos\u00e9 Gama<\/div>\n<div dir=\"auto\">Link: https:\/\/web.facebook.com\/photo\/?fbid=5172730872749480&amp;set=a.303636866325596<\/div>\n<\/div>\n","protected":false},"excerpt":{"rendered":"<p>Jorge Alicerces Valentim, assume aos 84 anos de idade as fun\u00e7\u00f5es de membro do conselho da Republica designado pelo Presidente Jo\u00e3o Louren\u00e7o. Foi durante d\u00e9cadas militante da UNITA, o partido a que largou h\u00e1 18 anos para se colocar a disposi\u00e7\u00e3o da guilhotina do regime contra o \u201cGalo Negro\u201d. escreveu o jornalista Jos\u00e9 Gama na [&hellip;]<\/p>\n","protected":false},"author":1,"featured_media":9766,"comment_status":"open","ping_status":"open","sticky":false,"template":"","format":"standard","meta":{"footnotes":""},"categories":[12],"tags":[],"class_list":{"0":"post-9764","1":"post","2":"type-post","3":"status-publish","4":"format-standard","5":"has-post-thumbnail","7":"category-politica-angola"},"amp_enabled":true,"_links":{"self":[{"href":"https:\/\/tvbelas.com\/tvbelas\/wp-json\/wp\/v2\/posts\/9764","targetHints":{"allow":["GET"]}}],"collection":[{"href":"https:\/\/tvbelas.com\/tvbelas\/wp-json\/wp\/v2\/posts"}],"about":[{"href":"https:\/\/tvbelas.com\/tvbelas\/wp-json\/wp\/v2\/types\/post"}],"author":[{"embeddable":true,"href":"https:\/\/tvbelas.com\/tvbelas\/wp-json\/wp\/v2\/users\/1"}],"replies":[{"embeddable":true,"href":"https:\/\/tvbelas.com\/tvbelas\/wp-json\/wp\/v2\/comments?post=9764"}],"version-history":[{"count":0,"href":"https:\/\/tvbelas.com\/tvbelas\/wp-json\/wp\/v2\/posts\/9764\/revisions"}],"wp:featuredmedia":[{"embeddable":true,"href":"https:\/\/tvbelas.com\/tvbelas\/wp-json\/"}],"wp:attachment":[{"href":"https:\/\/tvbelas.com\/tvbelas\/wp-json\/wp\/v2\/media?parent=9764"}],"wp:term":[{"taxonomy":"category","embeddable":true,"href":"https:\/\/tvbelas.com\/tvbelas\/wp-json\/wp\/v2\/categories?post=9764"},{"taxonomy":"post_tag","embeddable":true,"href":"https:\/\/tvbelas.com\/tvbelas\/wp-json\/wp\/v2\/tags?post=9764"}],"curies":[{"name":"wp","href":"https:\/\/api.w.org\/{rel}","templated":true}]}}