{"id":9855,"date":"2022-04-03T17:53:45","date_gmt":"2022-04-03T16:53:45","guid":{"rendered":"http:\/\/tvbelas.com\/tvbelas\/?p=9855"},"modified":"2022-04-03T17:53:45","modified_gmt":"2022-04-03T16:53:45","slug":"joao-lourenco-em-ondjiva-para-acto-central-do-4-de-abril","status":"publish","type":"post","link":"https:\/\/tvbelas.com\/tvbelas\/noticias\/politica-angola\/joao-lourenco-em-ondjiva-para-acto-central-do-4-de-abril\/","title":{"rendered":"JO\u00c3O LOUREN\u00c7O EM ONDJIVA PARA ACTO CENTRAL DO 4 DE ABRIL"},"content":{"rendered":"<p>O Presidente da Rep\u00fablica, Jo\u00e3o Louren\u00e7o, chegou neste domingo \u00e0 cidade de Ondjiva, prov\u00edncia do Cunene, onde vai orientar as comemora\u00e7\u00f5es do Dia da Paz e Reconcilia\u00e7\u00e3o Nacional, a assinalar-se segunda-feira.<\/p>\n<p class=\"show-read-more\">\n<p>No dia 4 de Abril deste ano, celebra-se o 20\u00ba anivers\u00e1rio\u00a0da assinatura do Memorando de Entendimento do Luena Complementar ao Protocolo de Lusaka, entre o Governo e a UNITA, que p\u00f4s fim a 27 anos de guerra no pa\u00eds e possibilitou o in\u00edcio do processo de estabiliza\u00e7\u00e3o e desenvolvimento de Angola.<\/p>\n<p>No \u00e2mbito das comemora\u00e7\u00f5es do Dia da Paz e da Reconcilia\u00e7\u00e3o Nacional, o Chefe de Estado angolano vai inaugurar o Sistema de Transfer\u00eancia de \u00c1gua do Rio Cunene, projecto de combate \u00e0 seca na regi\u00e3o.<\/p>\n<p>Num jantar, s\u00e1bado, no quadro das comemora\u00e7\u00f5es alusivas \u00e0 data, o Presidente declarou que \u201cconsiderando que s\u00f3 em paz os pa\u00edses se desenvolvem e se torna poss\u00edvel resolver os problemas do povo, decidimos fazer coincidir a inaugura\u00e7\u00e3o deste importante\u00a0projecto com o 04 de Abril, dia da Paz e da Reconcilia\u00e7\u00e3o Nacional&#8221;.<\/p>\n<p>Disse existirem igualmente em carteira outros projectos do g\u00e9nero para a regi\u00e3o, cuja execu\u00e7\u00e3o vai acontecer \u00e0 medida que for sendo capazes de mobilizar, nos pr\u00f3ximos anos, os\u00a0necess\u00e1rios recursos financeiros.<\/p>\n<p>O Sistema de Transfer\u00eancia de \u00c1gua do Rio Cunene, \u00a0o primeiro de cinco projectos estruturantes de combate \u00e0 seca nesta\u00a0 prov\u00edncia, vai beneficiar directamente 235 mil fam\u00edlias, 250 mil animais e a irriga\u00e7\u00e3o de cinco mil hectares de campos agr\u00edcolas.<\/p>\n<p>O empreendimento comporta uma estrutura de capta\u00e7\u00e3o, bombagem e pressuriza\u00e7\u00e3o de \u00e1gua e um canal a c\u00e9u aberto\u00a0\u00a0com mais de 160 quil\u00f3metros, avaliado em 44 mil milh\u00f5es 358 milh\u00f5es kwanzas.<\/p>\n<p>A empreitada de constru\u00e7\u00e3o do canal foi decidida depois de uma visita do pr\u00f3prio Presidente da Rep\u00fablica \u00e0 localidade\u00a0das Cacimbas em Ombala Yo Mungo, munic\u00edpio de Ombadja, em Maio de 2019, na altura afectada por uma seca severa.<\/p>\n<p>Para ter\u00e7a-feira, \u00faltimo dia da visita \u00e0 prov\u00edncia do Cunene, o programa indica que Jo\u00e3o Louren\u00e7o vai presidir, em Ondjiva, a um acto pol\u00edtico de massas.<\/p>\n","protected":false},"excerpt":{"rendered":"<p>O Presidente da Rep\u00fablica, Jo\u00e3o Louren\u00e7o, chegou neste domingo \u00e0 cidade de Ondjiva, prov\u00edncia do Cunene, onde vai orientar as comemora\u00e7\u00f5es do Dia da Paz e Reconcilia\u00e7\u00e3o Nacional, a assinalar-se segunda-feira. No dia 4 de Abril deste ano, celebra-se o 20\u00ba anivers\u00e1rio\u00a0da assinatura do Memorando de Entendimento do Luena Complementar ao Protocolo de Lusaka, entre [&hellip;]<\/p>\n","protected":false},"author":1,"featured_media":9857,"comment_status":"open","ping_status":"open","sticky":false,"template":"","format":"standard","meta":{"footnotes":""},"categories":[12],"tags":[],"class_list":{"0":"post-9855","1":"post","2":"type-post","3":"status-publish","4":"format-standard","5":"has-post-thumbnail","7":"category-politica-angola"},"amp_enabled":true,"_links":{"self":[{"href":"https:\/\/tvbelas.com\/tvbelas\/wp-json\/wp\/v2\/posts\/9855","targetHints":{"allow":["GET"]}}],"collection":[{"href":"https:\/\/tvbelas.com\/tvbelas\/wp-json\/wp\/v2\/posts"}],"about":[{"href":"https:\/\/tvbelas.com\/tvbelas\/wp-json\/wp\/v2\/types\/post"}],"author":[{"embeddable":true,"href":"https:\/\/tvbelas.com\/tvbelas\/wp-json\/wp\/v2\/users\/1"}],"replies":[{"embeddable":true,"href":"https:\/\/tvbelas.com\/tvbelas\/wp-json\/wp\/v2\/comments?post=9855"}],"version-history":[{"count":0,"href":"https:\/\/tvbelas.com\/tvbelas\/wp-json\/wp\/v2\/posts\/9855\/revisions"}],"wp:featuredmedia":[{"embeddable":true,"href":"https:\/\/tvbelas.com\/tvbelas\/wp-json\/"}],"wp:attachment":[{"href":"https:\/\/tvbelas.com\/tvbelas\/wp-json\/wp\/v2\/media?parent=9855"}],"wp:term":[{"taxonomy":"category","embeddable":true,"href":"https:\/\/tvbelas.com\/tvbelas\/wp-json\/wp\/v2\/categories?post=9855"},{"taxonomy":"post_tag","embeddable":true,"href":"https:\/\/tvbelas.com\/tvbelas\/wp-json\/wp\/v2\/tags?post=9855"}],"curies":[{"name":"wp","href":"https:\/\/api.w.org\/{rel}","templated":true}]}}