{"id":9868,"date":"2022-04-05T10:56:49","date_gmt":"2022-04-05T09:56:49","guid":{"rendered":"http:\/\/tvbelas.com\/tvbelas\/?p=9868"},"modified":"2022-04-05T10:56:49","modified_gmt":"2022-04-05T09:56:49","slug":"direccao-do-servico-penitenciario-garante-para-breve-construcao-de-uma-cadeia-no-municipio-do-cuango","status":"publish","type":"post","link":"https:\/\/tvbelas.com\/tvbelas\/noticias\/sociedade\/direccao-do-servico-penitenciario-garante-para-breve-construcao-de-uma-cadeia-no-municipio-do-cuango\/","title":{"rendered":"DIREC\u00c7\u00c3O DO SERVI\u00c7O PENITENCI\u00c1RIO GARANTE PARA BREVE CONSTRU\u00c7\u00c3O DE UMA CADEIA NO MUNIC\u00cdPIO DO CUANGO"},"content":{"rendered":"<div>\n<div class=\"\" dir=\"auto\">\n<div id=\"jsc_c_6z\" class=\"ecm0bbzt hv4rvrfc ihqw7lf3 dati1w0a\" data-ad-comet-preview=\"message\" data-ad-preview=\"message\">\n<div class=\"j83agx80 cbu4d94t ew0dbk1b irj2b8pg\">\n<div class=\"qzhwtbm6 knvmm38d\">\n<div class=\"cxmmr5t8 oygrvhab hcukyx3x c1et5uql o9v6fnle ii04i59q\">\n<div dir=\"auto\">O an\u00fancio foi feito pelo subcomiss\u00e1rio prisional, Luciano Vicente Miguel, Director Provincial do Servi\u00e7o Penitenci\u00e1rio, durante a entrevista ao espa\u00e7o &#8220;Grande Entrevista&#8221; da R\u00e1dio Lunda-Norte do grupo RNA, onde abordou as val\u00eancias da futura Infraestrutura naquela regi\u00e3o sul da prov\u00edncia, al\u00e9m dos programas em curso na cadeia de Cacanda no \u00e2mbito do processo de reabilita\u00e7\u00e3o, ressocializa\u00e7\u00e3o e reintegra\u00e7\u00e3o dos reclusos.<\/div>\n<\/div>\n<div class=\"cxmmr5t8 oygrvhab hcukyx3x c1et5uql o9v6fnle ii04i59q\">\n<div dir=\"auto\">Luciano Vicente Miguel justificou a constru\u00e7\u00e3o de um estabelecimento penitenci\u00e1rio naquela regi\u00e3o do territ\u00f3rio da prov\u00edncia que dista a 500 km da sede, Dundo, com a necessidade de atenuar a superlota\u00e7\u00e3o de 146 reclusos na cadeia de Cacanda que nesta altura conta com um total de 626 internados, entre detidos (221) e condenados (405), embora n\u00e3o haja registo de excesso de pris\u00e3o preventiva.<\/div>\n<\/div>\n<div class=\"cxmmr5t8 oygrvhab hcukyx3x c1et5uql o9v6fnle ii04i59q\">\n<div dir=\"auto\">Questionado sobre as necessidades do estabelecimento, o dirigente avan\u00e7ou a falta do sistema de irriga\u00e7\u00e3o mec\u00e2nica para os campos de cultivo estimados em 24 hectares dos 117 dispon\u00edveis, facto que dificulta o incremento da produ\u00e7\u00e3o que fica a depender das chuvas.<\/div>\n<\/div>\n<div class=\"cxmmr5t8 oygrvhab hcukyx3x c1et5uql o9v6fnle ii04i59q\">\n<div dir=\"auto\">O titular da Direc\u00e7\u00e3o Provincial do SP, apontou ainda a necessidade de 500 efectivos sobretudo especialistas em psicologia e sa\u00fade p\u00fablica para atender a demanda da popula\u00e7\u00e3o penal, bem como vestu\u00e1rio, pelo que anunciou o arranque para breve de uma \u00e1rea de corte e costura no pavilh\u00e3o de artes e of\u00edcios, no sentido de suprir a necessidade do vestu\u00e1rio.<\/div>\n<\/div>\n<div class=\"cxmmr5t8 oygrvhab hcukyx3x c1et5uql o9v6fnle ii04i59q\">\n<div dir=\"auto\">No final da entrevista, o dirigente apelou a sociedade a estudar as reais causas do cometimento de crimes que levam os cidad\u00e3os \u00e0 cadeia, bem como apoiar os que est\u00e3o em conflito com a lei mediante ac\u00e7\u00f5es de solidariedade para o refor\u00e7o da alimenta\u00e7\u00e3o, medicamentos e meios de acomoda\u00e7\u00e3o.<\/div>\n<\/div>\n<div class=\"cxmmr5t8 oygrvhab hcukyx3x c1et5uql o9v6fnle ii04i59q\">\n<div dir=\"auto\">Refira-se que o \u00fanico estabelecimento penitenci\u00e1rio controlado pelo \u00f3rg\u00e3o provincial foi inaugurado em 2011 com a capacidade efectiva de 480 reclusos, onde do n\u00famero internado actualmente encontram-se 214 estrangeiros, sendo 109 detidos e 95 condenados, maioritariamente da RDC (213).<\/div>\n<\/div>\n<\/div>\n<\/div>\n<\/div>\n<\/div>\n<div id=\"jsc_c_70\" class=\"l9j0dhe7\">\n<div class=\"l9j0dhe7\">\n<div class=\"l9j0dhe7\">\n<div class=\"l9j0dhe7\">\n<div class=\"ni8dbmo4 stjgntxs pmk7jnqg\">\n<div class=\"stjgntxs ni8dbmo4\">\n<div class=\"do00u71z ni8dbmo4 stjgntxs l9j0dhe7\">\n<div class=\"pmk7jnqg kr520xx4\"><\/div>\n<\/div>\n<div class=\"kr520xx4 j9ispegn pmk7jnqg hzruof5a n7fi1qx3 rq0escxv i09qtzwb opwvks06 linmgsc8\"><\/div>\n<\/div>\n<div class=\"n00je7tq arfg74bv qs9ysxi8 k77z8yql i09qtzwb n7fi1qx3 b5wmifdl hzruof5a pmk7jnqg j9ispegn kr520xx4 c5ndavph art1omkt ot9fgl3s\" data-visualcompletion=\"ignore\"><\/div>\n<\/div>\n<div class=\"ni8dbmo4 stjgntxs pmk7jnqg\">\n<div class=\"stjgntxs ni8dbmo4\">\n<div class=\"do00u71z ni8dbmo4 stjgntxs l9j0dhe7\">\n<div class=\"pmk7jnqg kr520xx4\"><\/div>\n<\/div>\n<div class=\"kr520xx4 j9ispegn pmk7jnqg hzruof5a n7fi1qx3 rq0escxv i09qtzwb opwvks06 linmgsc8\"><\/div>\n<\/div>\n<div class=\"n00je7tq arfg74bv qs9ysxi8 k77z8yql i09qtzwb n7fi1qx3 b5wmifdl hzruof5a pmk7jnqg j9ispegn kr520xx4 c5ndavph art1omkt ot9fgl3s\" data-visualcompletion=\"ignore\"><\/div>\n<\/div>\n<\/div>\n<\/div>\n<\/div>\n<\/div>\n<\/div>\n<div>\n<div class=\"stjgntxs ni8dbmo4 l82x9zwi uo3d90p7 h905i5nu monazrh9\" data-visualcompletion=\"ignore-dynamic\">\n<div>\n<div>\n<div>\n<div class=\"tvfksri0 ozuftl9m\">\n<div class=\"rq0escxv l9j0dhe7 du4w35lb j83agx80 pfnyh3mw i1fnvgqd gs1a9yip owycx6da btwxx1t3 ph5uu5jm b3onmgus e5nlhep0 ecm0bbzt nkwizq5d roh60bw9 mysgfdmx hddg9phg\">\n<div class=\"rq0escxv l9j0dhe7 du4w35lb j83agx80 cbu4d94t d2edcug0 hpfvmrgz rj1gh0hx buofh1pr g5gj957u n8tt0mok hyh9befq iuny7tx3 ipjc6fyt\">\n<div class=\"oajrlxb2 gs1a9yip g5ia77u1 mtkw9kbi tlpljxtp qensuy8j ppp5ayq2 goun2846 ccm00jje s44p3ltw mk2mc5f4 rt8b4zig n8ej3o3l agehan2d sk4xxmp2 rq0escxv nhd2j8a9 mg4g778l pfnyh3mw p7hjln8o kvgmc6g5 cxmmr5t8 oygrvhab hcukyx3x tgvbjcpo hpfvmrgz jb3vyjys rz4wbd8a qt6c0cv9 a8nywdso l9j0dhe7 i1ao9s8h esuyzwwr f1sip0of du4w35lb n00je7tq arfg74bv qs9ysxi8 k77z8yql pq6dq46d btwxx1t3 abiwlrkh p8dawk7l lzcic4wl\" tabindex=\"0\" role=\"button\" aria-label=\"Envia isto para amigos ou publica na tua cronologia.\">\n<div class=\"n00je7tq arfg74bv qs9ysxi8 k77z8yql i09qtzwb n7fi1qx3 b5wmifdl hzruof5a pmk7jnqg j9ispegn kr520xx4 c5ndavph art1omkt ot9fgl3s\" data-visualcompletion=\"ignore\"><\/div>\n<\/div>\n<\/div>\n<div class=\"rq0escxv l9j0dhe7 du4w35lb j83agx80 cbu4d94t pfnyh3mw d2edcug0 hpfvmrgz n8tt0mok hyh9befq iuny7tx3 ipjc6fyt\">\n<div><\/div>\n<\/div>\n<\/div>\n<\/div>\n<\/div>\n<\/div>\n<\/div>\n<\/div>\n<\/div>\n","protected":false},"excerpt":{"rendered":"<p>O an\u00fancio foi feito pelo subcomiss\u00e1rio prisional, Luciano Vicente Miguel, Director Provincial do Servi\u00e7o Penitenci\u00e1rio, durante a entrevista ao espa\u00e7o &#8220;Grande Entrevista&#8221; da R\u00e1dio Lunda-Norte do grupo RNA, onde abordou as val\u00eancias da futura Infraestrutura naquela regi\u00e3o sul da prov\u00edncia, al\u00e9m dos programas em curso na cadeia de Cacanda no \u00e2mbito do processo de reabilita\u00e7\u00e3o, [&hellip;]<\/p>\n","protected":false},"author":1,"featured_media":9871,"comment_status":"open","ping_status":"open","sticky":false,"template":"","format":"gallery","meta":{"footnotes":""},"categories":[15],"tags":[],"class_list":{"0":"post-9868","1":"post","2":"type-post","3":"status-publish","4":"format-gallery","5":"has-post-thumbnail","7":"category-sociedade","8":"post_format-post-format-gallery"},"amp_enabled":true,"_links":{"self":[{"href":"https:\/\/tvbelas.com\/tvbelas\/wp-json\/wp\/v2\/posts\/9868","targetHints":{"allow":["GET"]}}],"collection":[{"href":"https:\/\/tvbelas.com\/tvbelas\/wp-json\/wp\/v2\/posts"}],"about":[{"href":"https:\/\/tvbelas.com\/tvbelas\/wp-json\/wp\/v2\/types\/post"}],"author":[{"embeddable":true,"href":"https:\/\/tvbelas.com\/tvbelas\/wp-json\/wp\/v2\/users\/1"}],"replies":[{"embeddable":true,"href":"https:\/\/tvbelas.com\/tvbelas\/wp-json\/wp\/v2\/comments?post=9868"}],"version-history":[{"count":0,"href":"https:\/\/tvbelas.com\/tvbelas\/wp-json\/wp\/v2\/posts\/9868\/revisions"}],"wp:featuredmedia":[{"embeddable":true,"href":"https:\/\/tvbelas.com\/tvbelas\/wp-json\/"}],"wp:attachment":[{"href":"https:\/\/tvbelas.com\/tvbelas\/wp-json\/wp\/v2\/media?parent=9868"}],"wp:term":[{"taxonomy":"category","embeddable":true,"href":"https:\/\/tvbelas.com\/tvbelas\/wp-json\/wp\/v2\/categories?post=9868"},{"taxonomy":"post_tag","embeddable":true,"href":"https:\/\/tvbelas.com\/tvbelas\/wp-json\/wp\/v2\/tags?post=9868"}],"curies":[{"name":"wp","href":"https:\/\/api.w.org\/{rel}","templated":true}]}}