{"id":9876,"date":"2022-04-05T23:46:45","date_gmt":"2022-04-05T22:46:45","guid":{"rendered":"http:\/\/tvbelas.com\/tvbelas\/?p=9876"},"modified":"2022-04-05T23:46:45","modified_gmt":"2022-04-05T22:46:45","slug":"presidente-da-republica-regressa-a-luanda","status":"publish","type":"post","link":"https:\/\/tvbelas.com\/tvbelas\/noticias\/politica-angola\/presidente-da-republica-regressa-a-luanda\/","title":{"rendered":"PRESIDENTE DA REP\u00daBLICA REGRESSA A LUANDA"},"content":{"rendered":"<div>\n<div class=\"\" dir=\"auto\">\n<div id=\"jsc_c_6m\" class=\"ecm0bbzt hv4rvrfc ihqw7lf3 dati1w0a\" data-ad-comet-preview=\"message\" data-ad-preview=\"message\">\n<div class=\"j83agx80 cbu4d94t ew0dbk1b irj2b8pg\">\n<div class=\"qzhwtbm6 knvmm38d\">\n<div class=\"cxmmr5t8 oygrvhab hcukyx3x c1et5uql o9v6fnle ii04i59q\">\n<div dir=\"auto\">O Presidente da Rep\u00fablica, Jo\u00e3o Louren\u00e7o, regressou a Luanda na tarde desta ter\u00e7a-feira, depois de tr\u00eas dias de trabalho na prov\u00edncia do Cunene.<\/div>\n<\/div>\n<div class=\"cxmmr5t8 oygrvhab hcukyx3x c1et5uql o9v6fnle ii04i59q\">\n<div dir=\"auto\">No Cunene, o Chefe de Estado inaugurou o sistema de capta\u00e7\u00e3o de \u00e1gua do Cafu e visitou infra-estruturas ligadas ao mesmo, bem como fez a entrega de equipamentos agr\u00edcolas \u00e0s comunidades locais.<\/div>\n<\/div>\n<div class=\"cxmmr5t8 oygrvhab hcukyx3x c1et5uql o9v6fnle ii04i59q\">\n<div dir=\"auto\">O Sistema de Transfer\u00eancia de \u00c1gua do Rio Cunene passou a beneficiar 235 mil pessoas dos munic\u00edpios de Ombadja, Cuanhama e Namacunde.<\/div>\n<\/div>\n<div class=\"cxmmr5t8 oygrvhab hcukyx3x c1et5uql o9v6fnle ii04i59q\">\n<div dir=\"auto\">A esta\u00e7\u00e3o de capta\u00e7\u00e3o de bombagem do Cafu \u00e9 a primeira dos cinco projectos do programa de ac\u00e7\u00f5es estruturantes de combate \u00e0 seca na prov\u00edncia do Cunene.<\/div>\n<\/div>\n<div class=\"cxmmr5t8 oygrvhab hcukyx3x c1et5uql o9v6fnle ii04i59q\">\n<div dir=\"auto\">O projecto, avaliado em 44 mil milh\u00f5es 358 milh\u00f5es 360 mil 651 kwanzas, vai permitir ainda o abeberamento de 250 mil animais e a irriga\u00e7\u00e3o de cinco mil hectares de campos agr\u00edcolas.<\/div>\n<\/div>\n<div class=\"cxmmr5t8 oygrvhab hcukyx3x c1et5uql o9v6fnle ii04i59q\">\n<div dir=\"auto\">A empreitada de constru\u00e7\u00e3o do canal foi decidida depois de uma visita do Presidente da Rep\u00fablica \u00e0s Cacimbas em Ombala Yo Mungo, munic\u00edpio de Ombadja, em Maio de 2019, na altura afectada por uma seca severa.<\/div>\n<\/div>\n<div class=\"cxmmr5t8 oygrvhab hcukyx3x c1et5uql o9v6fnle ii04i59q\">\n<div dir=\"auto\">No Cunene, o Presidente da Rep\u00fablica reafirmou o compromisso do Executivo de implementar programas estruturantes para reduzir o impacto da seca nas prov\u00edncias do Cunene, Namibe e da Hu\u00edla.<\/div>\n<\/div>\n<\/div>\n<\/div>\n<\/div>\n<\/div>\n<div id=\"jsc_c_6n\" class=\"l9j0dhe7\">\n<div class=\"l9j0dhe7\">\n<div class=\"bp9cbjyn cwj9ozl2 j83agx80 cbu4d94t ni8dbmo4 stjgntxs l9j0dhe7 k4urcfbm\">\n<div class=\"do00u71z ni8dbmo4 stjgntxs l9j0dhe7\">\n<div class=\"pmk7jnqg kr520xx4\"><\/div>\n<\/div>\n<\/div>\n<div class=\"linmgsc8 opwvks06 i09qtzwb n7fi1qx3 hzruof5a pmk7jnqg j9ispegn kr520xx4\"><\/div>\n<\/div>\n<\/div>\n<\/div>\n<div>\n<div class=\"stjgntxs ni8dbmo4 l82x9zwi uo3d90p7 h905i5nu monazrh9\" data-visualcompletion=\"ignore-dynamic\">\n<div>\n<div>\n<div>\n<div class=\"tvfksri0 ozuftl9m\">\n<div class=\"rq0escxv l9j0dhe7 du4w35lb j83agx80 pfnyh3mw i1fnvgqd gs1a9yip owycx6da btwxx1t3 ph5uu5jm b3onmgus e5nlhep0 ecm0bbzt nkwizq5d roh60bw9 mysgfdmx hddg9phg\">\n<div class=\"rq0escxv l9j0dhe7 du4w35lb j83agx80 cbu4d94t pfnyh3mw d2edcug0 hpfvmrgz n8tt0mok hyh9befq iuny7tx3 ipjc6fyt\">\n<div><\/div>\n<\/div>\n<\/div>\n<\/div>\n<\/div>\n<\/div>\n<\/div>\n<\/div>\n<\/div>\n","protected":false},"excerpt":{"rendered":"<p>O Presidente da Rep\u00fablica, Jo\u00e3o Louren\u00e7o, regressou a Luanda na tarde desta ter\u00e7a-feira, depois de tr\u00eas dias de trabalho na prov\u00edncia do Cunene. No Cunene, o Chefe de Estado inaugurou o sistema de capta\u00e7\u00e3o de \u00e1gua do Cafu e visitou infra-estruturas ligadas ao mesmo, bem como fez a entrega de equipamentos agr\u00edcolas \u00e0s comunidades locais. [&hellip;]<\/p>\n","protected":false},"author":1,"featured_media":9878,"comment_status":"open","ping_status":"open","sticky":false,"template":"","format":"standard","meta":{"footnotes":""},"categories":[12],"tags":[],"class_list":{"0":"post-9876","1":"post","2":"type-post","3":"status-publish","4":"format-standard","5":"has-post-thumbnail","7":"category-politica-angola"},"amp_enabled":true,"_links":{"self":[{"href":"https:\/\/tvbelas.com\/tvbelas\/wp-json\/wp\/v2\/posts\/9876","targetHints":{"allow":["GET"]}}],"collection":[{"href":"https:\/\/tvbelas.com\/tvbelas\/wp-json\/wp\/v2\/posts"}],"about":[{"href":"https:\/\/tvbelas.com\/tvbelas\/wp-json\/wp\/v2\/types\/post"}],"author":[{"embeddable":true,"href":"https:\/\/tvbelas.com\/tvbelas\/wp-json\/wp\/v2\/users\/1"}],"replies":[{"embeddable":true,"href":"https:\/\/tvbelas.com\/tvbelas\/wp-json\/wp\/v2\/comments?post=9876"}],"version-history":[{"count":0,"href":"https:\/\/tvbelas.com\/tvbelas\/wp-json\/wp\/v2\/posts\/9876\/revisions"}],"wp:featuredmedia":[{"embeddable":true,"href":"https:\/\/tvbelas.com\/tvbelas\/wp-json\/"}],"wp:attachment":[{"href":"https:\/\/tvbelas.com\/tvbelas\/wp-json\/wp\/v2\/media?parent=9876"}],"wp:term":[{"taxonomy":"category","embeddable":true,"href":"https:\/\/tvbelas.com\/tvbelas\/wp-json\/wp\/v2\/categories?post=9876"},{"taxonomy":"post_tag","embeddable":true,"href":"https:\/\/tvbelas.com\/tvbelas\/wp-json\/wp\/v2\/tags?post=9876"}],"curies":[{"name":"wp","href":"https:\/\/api.w.org\/{rel}","templated":true}]}}