{"id":9961,"date":"2022-04-14T16:48:04","date_gmt":"2022-04-14T15:48:04","guid":{"rendered":"http:\/\/tvbelas.com\/tvbelas\/?p=9961"},"modified":"2022-04-14T16:48:04","modified_gmt":"2022-04-14T15:48:04","slug":"colisao-entre-viaturas-na-en-100-faz-quatro-vitimas-mortais","status":"publish","type":"post","link":"https:\/\/tvbelas.com\/tvbelas\/noticias\/sociedade\/colisao-entre-viaturas-na-en-100-faz-quatro-vitimas-mortais\/","title":{"rendered":"COLIS\u00c3O ENTRE VIATURAS NA EN-100 FAZ QUATRO V\u00cdTIMAS MORTAIS"},"content":{"rendered":"<div class=\"cxmmr5t8 oygrvhab hcukyx3x c1et5uql o9v6fnle ii04i59q\">\n<div dir=\"auto\">Quatro pessoas perderam a vida, quarta-feira, 13 de Abril de 2022, na estrada nacional n\u00b0100, \u00e1rea do Ngola Lombo, munic\u00edpio de Porto-Amboim, em consequ\u00eancia de um acidente por colis\u00e3o entre duas viaturas.<\/div>\n<\/div>\n<div class=\"cxmmr5t8 oygrvhab hcukyx3x c1et5uql o9v6fnle ii04i59q\">\n<div dir=\"auto\">A ocorr\u00eancia envolveu, uma viatura de marca Sinotruk trailler, matr\u00edcula LD-86-10HR, conduzida por um cidad\u00e3o nacional de 33 anos, contra uma outra de marca Hiunday Sonata, matr\u00edcula LD-44-01-HA, onde se faziam transportar as v\u00edtimas mortais, sendo o excesso de velocidade apontado como causa prov\u00e1vel do acidente.<\/div>\n<\/div>\n<div class=\"cxmmr5t8 oygrvhab hcukyx3x c1et5uql o9v6fnle ii04i59q\">\n<div dir=\"auto\">De referir que, as viaturas vinham em sentidos opostos, com destinos Luanda\/Cuanza Sul e vice-versa.<\/div>\n<div dir=\"auto\">Em Atualiza\u00e7\u00e3o: www.tvbelas .com<\/div>\n<\/div>\n","protected":false},"excerpt":{"rendered":"<p>Quatro pessoas perderam a vida, quarta-feira, 13 de Abril de 2022, na estrada nacional n\u00b0100, \u00e1rea do Ngola Lombo, munic\u00edpio de Porto-Amboim, em consequ\u00eancia de um acidente por colis\u00e3o entre duas viaturas. A ocorr\u00eancia envolveu, uma viatura de marca Sinotruk trailler, matr\u00edcula LD-86-10HR, conduzida por um cidad\u00e3o nacional de 33 anos, contra uma outra de [&hellip;]<\/p>\n","protected":false},"author":1,"featured_media":9963,"comment_status":"open","ping_status":"open","sticky":false,"template":"","format":"gallery","meta":{"footnotes":""},"categories":[15],"tags":[],"class_list":{"0":"post-9961","1":"post","2":"type-post","3":"status-publish","4":"format-gallery","5":"has-post-thumbnail","7":"category-sociedade","8":"post_format-post-format-gallery"},"amp_enabled":true,"_links":{"self":[{"href":"https:\/\/tvbelas.com\/tvbelas\/wp-json\/wp\/v2\/posts\/9961","targetHints":{"allow":["GET"]}}],"collection":[{"href":"https:\/\/tvbelas.com\/tvbelas\/wp-json\/wp\/v2\/posts"}],"about":[{"href":"https:\/\/tvbelas.com\/tvbelas\/wp-json\/wp\/v2\/types\/post"}],"author":[{"embeddable":true,"href":"https:\/\/tvbelas.com\/tvbelas\/wp-json\/wp\/v2\/users\/1"}],"replies":[{"embeddable":true,"href":"https:\/\/tvbelas.com\/tvbelas\/wp-json\/wp\/v2\/comments?post=9961"}],"version-history":[{"count":0,"href":"https:\/\/tvbelas.com\/tvbelas\/wp-json\/wp\/v2\/posts\/9961\/revisions"}],"wp:featuredmedia":[{"embeddable":true,"href":"https:\/\/tvbelas.com\/tvbelas\/wp-json\/"}],"wp:attachment":[{"href":"https:\/\/tvbelas.com\/tvbelas\/wp-json\/wp\/v2\/media?parent=9961"}],"wp:term":[{"taxonomy":"category","embeddable":true,"href":"https:\/\/tvbelas.com\/tvbelas\/wp-json\/wp\/v2\/categories?post=9961"},{"taxonomy":"post_tag","embeddable":true,"href":"https:\/\/tvbelas.com\/tvbelas\/wp-json\/wp\/v2\/tags?post=9961"}],"curies":[{"name":"wp","href":"https:\/\/api.w.org\/{rel}","templated":true}]}}